{"id":9912,"date":"2012-08-29T22:18:28","date_gmt":"2012-08-29T20:18:28","guid":{"rendered":"https:\/\/www.redb.info\/coches\/?p=9912"},"modified":"2014-08-29T23:11:02","modified_gmt":"2014-08-29T21:11:02","slug":"executive-car-rental-en-el-aeropuerto-manuel-crescencio-rejon","status":"publish","type":"post","link":"https:\/\/www.redb.info\/coches\/executive-car-rental-en-el-aeropuerto-manuel-crescencio-rejon\/","title":{"rendered":"Executive Car Rental en el Aeropuerto Manuel Crescencio Rej\u00f3n"},"content":{"rendered":"<p><a title=\"Executive Car Rental\" href=\"https:\/\/www.redb.info\/coches\/alquiler\/executive-car-rental\/\"><img src=\"https:\/\/img.redb.info\/up\/1320269639.jpg\" alt=\"Executive Car Rental\" class=\"right\" \/><\/a><strong>Executive Car Rental<\/strong> es una compa\u00f1\u00eda de <strong>alquiler de coches<\/strong>, cuenta con una amplia red de oficinas en M\u00e9xico, donde uno de sus locales se encuentran dentro de las instalaciones del <strong><a href=\"http:\/\/www.aeropuertos.net\/aeropuerto-internacional-manuel-crescencio-rejon\/\" target=\"_blank\">Aeropuerto Internacional de M\u00e9rida<\/a><\/strong>, donde encontrar\u00e1s interesantes ofertas para arrendar un coche y desplazarse por M\u00e9rida y alrededores.<\/p>\n","protected":false},"excerpt":{"rendered":"<p>Executive Car Rental es una compa\u00f1\u00eda de alquiler de coches, cuenta con una amplia red de oficinas en M\u00e9xico, donde uno de sus locales se encuentran dentro de las instalaciones del Aeropuerto Internacional de M\u00e9rida, donde encontrar\u00e1s interesantes ofertas para arrendar un coche y desplazarse por M\u00e9rida y alrededores.<\/p>\n","protected":false},"author":3,"featured_media":15634,"comment_status":"open","ping_status":"closed","sticky":false,"template":"","format":"standard","meta":[],"categories":[1],"tags":[2077,2076,24],"yoast_head":"<!-- This site is optimized with the Yoast SEO plugin v15.7 - https:\/\/yoast.com\/wordpress\/plugins\/seo\/ -->\n<meta name=\"description\" content=\"Executive Car Rental es una compa\u00f1\u00eda de alquiler de coches, cuenta con una amplia red de oficinas en M\u00e9xico, donde uno de sus locales se encuentran dentro\" \/>\n<meta name=\"robots\" content=\"index, follow, max-snippet:-1, max-image-preview:large, max-video-preview:-1\" \/>\n<link rel=\"canonical\" href=\"https:\/\/www.redb.info\/coches\/executive-car-rental-en-el-aeropuerto-manuel-crescencio-rejon\/\" \/>\n<meta property=\"og:locale\" content=\"es_ES\" \/>\n<meta property=\"og:type\" content=\"article\" \/>\n<meta property=\"og:title\" content=\"Executive Car Rental en el Aeropuerto Manuel Crescencio Rej\u00f3n - Alquiler de coches\" \/>\n<meta property=\"og:description\" content=\"Executive Car Rental es una compa\u00f1\u00eda de alquiler de coches, cuenta con una amplia red de oficinas en M\u00e9xico, donde uno de sus locales se encuentran dentro\" \/>\n<meta property=\"og:url\" content=\"https:\/\/www.redb.info\/coches\/executive-car-rental-en-el-aeropuerto-manuel-crescencio-rejon\/\" \/>\n<meta property=\"og:site_name\" content=\"Alquiler de coches\" \/>\n<meta property=\"article:published_time\" content=\"2012-08-29T20:18:28+00:00\" \/>\n<meta property=\"article:modified_time\" content=\"2014-08-29T21:11:02+00:00\" \/>\n<meta property=\"og:image\" content=\"https:\/\/www.redb.info\/coches\/imagenes\/Excutive.jpg\" \/>\n\t<meta property=\"og:image:width\" content=\"245\" \/>\n\t<meta property=\"og:image:height\" content=\"85\" \/>\n<meta name=\"twitter:card\" content=\"summary\" \/>\n<meta name=\"twitter:creator\" content=\"@redb_coches\" \/>\n<meta name=\"twitter:site\" content=\"@redb_coches\" \/>\n<script type=\"application\/ld+json\" class=\"yoast-schema-graph\">{\"@context\":\"https:\/\/schema.org\",\"@graph\":[{\"@type\":\"WebSite\",\"@id\":\"https:\/\/www.redb.info\/coches\/#website\",\"url\":\"https:\/\/www.redb.info\/coches\/\",\"name\":\"Alquiler de coches\",\"description\":\"Directorio de empresas de alquiler de autos\",\"potentialAction\":[{\"@type\":\"SearchAction\",\"target\":\"https:\/\/www.redb.info\/coches\/?s={search_term_string}\",\"query-input\":\"required name=search_term_string\"}],\"inLanguage\":\"es\"},{\"@type\":\"ImageObject\",\"@id\":\"https:\/\/www.redb.info\/coches\/executive-car-rental-en-el-aeropuerto-manuel-crescencio-rejon\/#primaryimage\",\"inLanguage\":\"es\",\"url\":\"https:\/\/www.redb.info\/coches\/imagenes\/Excutive.jpg\",\"width\":245,\"height\":85},{\"@type\":\"WebPage\",\"@id\":\"https:\/\/www.redb.info\/coches\/executive-car-rental-en-el-aeropuerto-manuel-crescencio-rejon\/#webpage\",\"url\":\"https:\/\/www.redb.info\/coches\/executive-car-rental-en-el-aeropuerto-manuel-crescencio-rejon\/\",\"name\":\"Executive Car Rental en el Aeropuerto Manuel Crescencio Rej\\u00f3n - Alquiler de coches\",\"isPartOf\":{\"@id\":\"https:\/\/www.redb.info\/coches\/#website\"},\"primaryImageOfPage\":{\"@id\":\"https:\/\/www.redb.info\/coches\/executive-car-rental-en-el-aeropuerto-manuel-crescencio-rejon\/#primaryimage\"},\"datePublished\":\"2012-08-29T20:18:28+00:00\",\"dateModified\":\"2014-08-29T21:11:02+00:00\",\"author\":{\"@id\":\"https:\/\/www.redb.info\/coches\/#\/schema\/person\/69349a3c035e4fec1a21354f713227f3\"},\"description\":\"Executive Car Rental es una compa\\u00f1\\u00eda de alquiler de coches, cuenta con una amplia red de oficinas en M\\u00e9xico, donde uno de sus locales se encuentran dentro\",\"inLanguage\":\"es\",\"potentialAction\":[{\"@type\":\"ReadAction\",\"target\":[\"https:\/\/www.redb.info\/coches\/executive-car-rental-en-el-aeropuerto-manuel-crescencio-rejon\/\"]}]},{\"@type\":\"Person\",\"@id\":\"https:\/\/www.redb.info\/coches\/#\/schema\/person\/69349a3c035e4fec1a21354f713227f3\",\"name\":\"Red B\",\"image\":{\"@type\":\"ImageObject\",\"@id\":\"https:\/\/www.redb.info\/coches\/#personlogo\",\"inLanguage\":\"es\",\"url\":\"https:\/\/secure.gravatar.com\/avatar\/f261739afa65823eb9e0884281785bff?s=96&d=mm&r=g\",\"caption\":\"Red B\"}}]}<\/script>\n<!-- \/ Yoast SEO plugin. -->","_links":{"self":[{"href":"https:\/\/www.redb.info\/coches\/wp-json\/wp\/v2\/posts\/9912"}],"collection":[{"href":"https:\/\/www.redb.info\/coches\/wp-json\/wp\/v2\/posts"}],"about":[{"href":"https:\/\/www.redb.info\/coches\/wp-json\/wp\/v2\/types\/post"}],"author":[{"embeddable":true,"href":"https:\/\/www.redb.info\/coches\/wp-json\/wp\/v2\/users\/3"}],"replies":[{"embeddable":true,"href":"https:\/\/www.redb.info\/coches\/wp-json\/wp\/v2\/comments?post=9912"}],"version-history":[{"count":0,"href":"https:\/\/www.redb.info\/coches\/wp-json\/wp\/v2\/posts\/9912\/revisions"}],"wp:featuredmedia":[{"embeddable":true,"href":"https:\/\/www.redb.info\/coches\/wp-json\/wp\/v2\/media\/15634"}],"wp:attachment":[{"href":"https:\/\/www.redb.info\/coches\/wp-json\/wp\/v2\/media?parent=9912"}],"wp:term":[{"taxonomy":"category","embeddable":true,"href":"https:\/\/www.redb.info\/coches\/wp-json\/wp\/v2\/categories?post=9912"},{"taxonomy":"post_tag","embeddable":true,"href":"https:\/\/www.redb.info\/coches\/wp-json\/wp\/v2\/tags?post=9912"}],"curies":[{"name":"wp","href":"https:\/\/api.w.org\/{rel}","templated":true}]}}