{"id":449,"date":"2010-05-07T20:50:55","date_gmt":"2010-05-07T18:50:55","guid":{"rendered":"http:\/\/redb.info\/coches\/?p=449"},"modified":"2013-04-30T21:38:59","modified_gmt":"2013-04-30T19:38:59","slug":"autopro-alquiler-de-coches-malaga-espana","status":"publish","type":"post","link":"https:\/\/www.redb.info\/coches\/autopro-alquiler-de-coches-malaga-espana\/","title":{"rendered":"Autopro Alquiler de coches M\u00e1laga, Espa\u00f1a"},"content":{"rendered":"<p><a title=\"AutoPro.es\" href=\"https:\/\/www.redb.info\/coches\/alquiler\/malaga\/\"><img loading=\"lazy\" src=\"https:\/\/www.redb.info\/coches\/imagenes\/AutoPro.es_.jpg\" alt=\"AutoPro.es\" width=\"220\" height=\"60\" class=\"right size-full wp-image-12512\" srcset=\"https:\/\/www.redb.info\/coches\/imagenes\/AutoPro.es_.jpg 220w, https:\/\/www.redb.info\/coches\/imagenes\/AutoPro.es_-150x41.jpg 150w\" sizes=\"(max-width: 220px) 100vw, 220px\" \/><\/a><strong>Autopro Alquiler de coches M\u00e1laga<\/strong>, Espa\u00f1a es una importante empresa de <strong>alquiler de coches sin conductor<\/strong> en M\u00e1laga con tarifas muy competitivas. Cuentan con veh\u00edculos nuevos y en excelentes condiciones t\u00e9cnicas de de limpieza, de reconocidas marcas mundiales. Veh\u00edculos econ\u00f3micos, compactos, familiares, deportivos, todo terreno, descapotables y autom\u00e1ticos que se adaptan a las necesidades de cada cliente.<\/p>\n<p>Las tarifas incluyen todo: seguro contra todo riesgo, kilometraje ilimitado, cancelaci\u00f3n gratuita, impuestos locales, servicio de emergencia durante las 24 horas y un conductor adicional gratis. Las condiciones de contrataci\u00f3n son accesibles, requiri\u00e9ndose una edad m\u00ednima para las conductores de 23 a\u00f1os y 1 a\u00f1o de antig\u00fcedad en la licencia de conducir.<\/p>\n<p>La empresa no exige fianza al momento de la reserva y tampoco presentaci\u00f3n de visa. Trabajan con tarjetas de cr\u00e9dito Visa y Mastercard. Por un coste adicional trasladan el veh\u00edculo arrendado a las siguientes localidades:<\/p>\n<p>\u2022 Almu\u00f1\u00e9car<br \/>\n\u2022 Nerja<br \/>\n\u2022 Torrox<br \/>\n\u2022 Torre del Mar<br \/>\n\u2022 Rinc\u00f3n de la Victoria<br \/>\n\u2022 M\u00e1laga<br \/>\n\u2022 Torremolinos<br \/>\n\u2022 Benalm\u00e1dena<br \/>\n\u2022 Fuengirola<br \/>\n\u2022 Mijas<br \/>\n\u2022 Calahonda<br \/>\n\u2022 Cabo Pino<br \/>\n\u2022 Marbella<br \/>\n\u2022 Ronda (M\u00e1laga)<br \/>\n\u2022 San Pedro<br \/>\n\u2022 Estepona<br \/>\n\u2022 Sotogrande<a href=\"https:\/\/www.redb.info\/coches\/imagenes\/AutoPro.es_.jpg\"><img loading=\"lazy\" src=\"https:\/\/www.redb.info\/coches\/imagenes\/AutoPro.es_.jpg\" alt=\"AutoPro.es\" width=\"220\" height=\"60\" class=\"alignright size-full wp-image-12512\" srcset=\"https:\/\/www.redb.info\/coches\/imagenes\/AutoPro.es_.jpg 220w, https:\/\/www.redb.info\/coches\/imagenes\/AutoPro.es_-150x41.jpg 150w\" sizes=\"(max-width: 220px) 100vw, 220px\" \/><\/a><\/p>\n","protected":false},"excerpt":{"rendered":"<p>Autopro Alquiler de coches M\u00e1laga, Espa\u00f1a es una importante empresa de alquiler de coches sin conductor en M\u00e1laga con tarifas muy competitivas. Cuentan con veh\u00edculos nuevos y en excelentes condiciones t\u00e9cnicas de de limpieza, de reconocidas marcas mundiales. Veh\u00edculos econ\u00f3micos, compactos, familiares, deportivos, todo terreno, descapotables y autom\u00e1ticos que se adaptan a las necesidades de [&hellip;]<\/p>\n","protected":false},"author":3,"featured_media":0,"comment_status":"open","ping_status":"closed","sticky":false,"template":"","format":"standard","meta":[],"categories":[1],"tags":[49,4,168,3,126,48,117],"yoast_head":"<!-- This site is optimized with the Yoast SEO plugin v15.7 - https:\/\/yoast.com\/wordpress\/plugins\/seo\/ -->\n<meta name=\"description\" content=\"Autopro Alquiler de coches M\u00e1laga, Espa\u00f1a es una importante empresa de alquiler de coches sin conductor en M\u00e1laga con tarifas muy competitivas. Cuentan\" \/>\n<meta name=\"robots\" content=\"index, follow, max-snippet:-1, max-image-preview:large, max-video-preview:-1\" \/>\n<link rel=\"canonical\" href=\"https:\/\/www.redb.info\/coches\/autopro-alquiler-de-coches-malaga-espana\/\" \/>\n<meta property=\"og:locale\" content=\"es_ES\" \/>\n<meta property=\"og:type\" content=\"article\" \/>\n<meta property=\"og:title\" content=\"Autopro Alquiler de coches M\u00e1laga, Espa\u00f1a - Alquiler de coches\" \/>\n<meta property=\"og:description\" content=\"Autopro Alquiler de coches M\u00e1laga, Espa\u00f1a es una importante empresa de alquiler de coches sin conductor en M\u00e1laga con tarifas muy competitivas. Cuentan\" \/>\n<meta property=\"og:url\" content=\"https:\/\/www.redb.info\/coches\/autopro-alquiler-de-coches-malaga-espana\/\" \/>\n<meta property=\"og:site_name\" content=\"Alquiler de coches\" \/>\n<meta property=\"article:published_time\" content=\"2010-05-07T18:50:55+00:00\" \/>\n<meta property=\"article:modified_time\" content=\"2013-04-30T19:38:59+00:00\" \/>\n<meta property=\"og:image\" content=\"https:\/\/www.redb.info\/coches\/imagenes\/AutoPro.es_.jpg\" \/>\n<meta name=\"twitter:card\" content=\"summary\" \/>\n<meta name=\"twitter:creator\" content=\"@redb_coches\" \/>\n<meta name=\"twitter:site\" content=\"@redb_coches\" \/>\n<meta name=\"twitter:label1\" content=\"Tiempo de lectura\">\n\t<meta name=\"twitter:data1\" content=\"1 minuto\">\n<script type=\"application\/ld+json\" class=\"yoast-schema-graph\">{\"@context\":\"https:\/\/schema.org\",\"@graph\":[{\"@type\":\"WebSite\",\"@id\":\"https:\/\/www.redb.info\/coches\/#website\",\"url\":\"https:\/\/www.redb.info\/coches\/\",\"name\":\"Alquiler de coches\",\"description\":\"Directorio de empresas de alquiler de autos\",\"potentialAction\":[{\"@type\":\"SearchAction\",\"target\":\"https:\/\/www.redb.info\/coches\/?s={search_term_string}\",\"query-input\":\"required name=search_term_string\"}],\"inLanguage\":\"es\"},{\"@type\":\"ImageObject\",\"@id\":\"https:\/\/www.redb.info\/coches\/autopro-alquiler-de-coches-malaga-espana\/#primaryimage\",\"inLanguage\":\"es\",\"url\":\"https:\/\/www.redb.info\/coches\/imagenes\/AutoPro.es_.jpg\",\"width\":220,\"height\":60},{\"@type\":\"WebPage\",\"@id\":\"https:\/\/www.redb.info\/coches\/autopro-alquiler-de-coches-malaga-espana\/#webpage\",\"url\":\"https:\/\/www.redb.info\/coches\/autopro-alquiler-de-coches-malaga-espana\/\",\"name\":\"Autopro Alquiler de coches M\\u00e1laga, Espa\\u00f1a - Alquiler de coches\",\"isPartOf\":{\"@id\":\"https:\/\/www.redb.info\/coches\/#website\"},\"primaryImageOfPage\":{\"@id\":\"https:\/\/www.redb.info\/coches\/autopro-alquiler-de-coches-malaga-espana\/#primaryimage\"},\"datePublished\":\"2010-05-07T18:50:55+00:00\",\"dateModified\":\"2013-04-30T19:38:59+00:00\",\"author\":{\"@id\":\"https:\/\/www.redb.info\/coches\/#\/schema\/person\/69349a3c035e4fec1a21354f713227f3\"},\"description\":\"Autopro Alquiler de coches M\\u00e1laga, Espa\\u00f1a es una importante empresa de alquiler de coches sin conductor en M\\u00e1laga con tarifas muy competitivas. Cuentan\",\"inLanguage\":\"es\",\"potentialAction\":[{\"@type\":\"ReadAction\",\"target\":[\"https:\/\/www.redb.info\/coches\/autopro-alquiler-de-coches-malaga-espana\/\"]}]},{\"@type\":\"Person\",\"@id\":\"https:\/\/www.redb.info\/coches\/#\/schema\/person\/69349a3c035e4fec1a21354f713227f3\",\"name\":\"Red B\",\"image\":{\"@type\":\"ImageObject\",\"@id\":\"https:\/\/www.redb.info\/coches\/#personlogo\",\"inLanguage\":\"es\",\"url\":\"https:\/\/secure.gravatar.com\/avatar\/f261739afa65823eb9e0884281785bff?s=96&d=mm&r=g\",\"caption\":\"Red B\"}}]}<\/script>\n<!-- \/ Yoast SEO plugin. -->","_links":{"self":[{"href":"https:\/\/www.redb.info\/coches\/wp-json\/wp\/v2\/posts\/449"}],"collection":[{"href":"https:\/\/www.redb.info\/coches\/wp-json\/wp\/v2\/posts"}],"about":[{"href":"https:\/\/www.redb.info\/coches\/wp-json\/wp\/v2\/types\/post"}],"author":[{"embeddable":true,"href":"https:\/\/www.redb.info\/coches\/wp-json\/wp\/v2\/users\/3"}],"replies":[{"embeddable":true,"href":"https:\/\/www.redb.info\/coches\/wp-json\/wp\/v2\/comments?post=449"}],"version-history":[{"count":0,"href":"https:\/\/www.redb.info\/coches\/wp-json\/wp\/v2\/posts\/449\/revisions"}],"wp:attachment":[{"href":"https:\/\/www.redb.info\/coches\/wp-json\/wp\/v2\/media?parent=449"}],"wp:term":[{"taxonomy":"category","embeddable":true,"href":"https:\/\/www.redb.info\/coches\/wp-json\/wp\/v2\/categories?post=449"},{"taxonomy":"post_tag","embeddable":true,"href":"https:\/\/www.redb.info\/coches\/wp-json\/wp\/v2\/tags?post=449"}],"curies":[{"name":"wp","href":"https:\/\/api.w.org\/{rel}","templated":true}]}}