{"id":3661,"date":"2010-07-12T19:21:24","date_gmt":"2010-07-12T17:21:24","guid":{"rendered":"https:\/\/www.redb.info\/coches\/?p=3661"},"modified":"2013-03-27T00:22:17","modified_gmt":"2013-03-26T22:22:17","slug":"record-rent-a-car-en-el-aeropuerto-palma-de-mallorca","status":"publish","type":"post","link":"https:\/\/www.redb.info\/coches\/record-rent-a-car-en-el-aeropuerto-palma-de-mallorca\/","title":{"rendered":"Record Rent a Car en el Aeropuerto Palma de Mallorca"},"content":{"rendered":"<p>Empresa <strong><a href=\"https:\/\/www.redb.info\/coches\/alquiler\/record-rent-a-car\/\" title=\"Record Rent a Car\">Record Rent a Car<\/a><\/strong> cuenta con una oficina en el <strong><a href=\"http:\/\/www.aeropuertos.net\/aeropuerto-de-palma-de-mallorca\/\" target=\"_blank\">Aeropuerto de Palma de Mallorca<\/a><\/strong><\/p>\n<p><a title=\"Record Rent a Car\" href=\"https:\/\/www.redb.info\/coches\/alquiler\/record-rent-a-car\/\"><img loading=\"lazy\" src=\"https:\/\/www.redb.info\/coches\/imagenes\/record-go.gif\" alt=\"Record go\" title=\"Record Rent a Car\" width=\"180\" height=\"65\" class=\"right size-full wp-image-9182\" \/><\/a>La empresa <strong>Record Rent a Car<\/strong> es la primera compa\u00f1\u00eda Espa\u00f1ola en el alquiler de veh\u00edculos que hasta la actualidad posee m\u00e1s de 120.000 clientes, los cuales disfrutan de los beneficios que posee esta empresa, entre ellas, su variada flota de m\u00e1s de 30.000 veh\u00edculos que est\u00e1n distribuidos en cada una de las ciudades importantes de <strong><a href=\"https:\/\/www.redb.info\/coches\/alquiler\/espana\/\" title=\"Espa\u00f1a\">Espa\u00f1a<\/a><\/strong>.<\/p>\n","protected":false},"excerpt":{"rendered":"<p>Empresa Record Rent a Car cuenta con una oficina en el Aeropuerto de Palma de Mallorca La empresa Record Rent a Car es la primera compa\u00f1\u00eda Espa\u00f1ola en el alquiler de veh\u00edculos que hasta la actualidad posee m\u00e1s de 120.000 clientes, los cuales disfrutan de los beneficios que posee esta empresa, entre ellas, su variada [&hellip;]<\/p>\n","protected":false},"author":3,"featured_media":9182,"comment_status":"open","ping_status":"closed","sticky":false,"template":"","format":"standard","meta":[],"categories":[1],"tags":[115,4,74,78,66],"yoast_head":"<!-- This site is optimized with the Yoast SEO plugin v15.7 - https:\/\/yoast.com\/wordpress\/plugins\/seo\/ -->\n<meta name=\"description\" content=\"Empresa Record Rent a Car cuenta con una oficina en el Aeropuerto de Palma de Mallorca La empresa Record Rent a Car es la primera compa\u00f1\u00eda Espa\u00f1ola en el\" \/>\n<meta name=\"robots\" content=\"index, follow, max-snippet:-1, max-image-preview:large, max-video-preview:-1\" \/>\n<link rel=\"canonical\" href=\"https:\/\/www.redb.info\/coches\/record-rent-a-car-en-el-aeropuerto-palma-de-mallorca\/\" \/>\n<meta property=\"og:locale\" content=\"es_ES\" \/>\n<meta property=\"og:type\" content=\"article\" \/>\n<meta property=\"og:title\" content=\"Record Rent a Car en el Aeropuerto Palma de Mallorca - Alquiler de coches\" \/>\n<meta property=\"og:description\" content=\"Empresa Record Rent a Car cuenta con una oficina en el Aeropuerto de Palma de Mallorca La empresa Record Rent a Car es la primera compa\u00f1\u00eda Espa\u00f1ola en el\" \/>\n<meta property=\"og:url\" content=\"https:\/\/www.redb.info\/coches\/record-rent-a-car-en-el-aeropuerto-palma-de-mallorca\/\" \/>\n<meta property=\"og:site_name\" content=\"Alquiler de coches\" \/>\n<meta property=\"article:published_time\" content=\"2010-07-12T17:21:24+00:00\" \/>\n<meta property=\"article:modified_time\" content=\"2013-03-26T22:22:17+00:00\" \/>\n<meta property=\"og:image\" content=\"https:\/\/www.redb.info\/coches\/imagenes\/record-go.gif\" \/>\n\t<meta property=\"og:image:width\" content=\"180\" \/>\n\t<meta property=\"og:image:height\" content=\"65\" \/>\n<meta name=\"twitter:card\" content=\"summary\" \/>\n<meta name=\"twitter:creator\" content=\"@redb_coches\" \/>\n<meta name=\"twitter:site\" content=\"@redb_coches\" \/>\n<script type=\"application\/ld+json\" class=\"yoast-schema-graph\">{\"@context\":\"https:\/\/schema.org\",\"@graph\":[{\"@type\":\"WebSite\",\"@id\":\"https:\/\/www.redb.info\/coches\/#website\",\"url\":\"https:\/\/www.redb.info\/coches\/\",\"name\":\"Alquiler de coches\",\"description\":\"Directorio de empresas de alquiler de autos\",\"potentialAction\":[{\"@type\":\"SearchAction\",\"target\":\"https:\/\/www.redb.info\/coches\/?s={search_term_string}\",\"query-input\":\"required name=search_term_string\"}],\"inLanguage\":\"es\"},{\"@type\":\"ImageObject\",\"@id\":\"https:\/\/www.redb.info\/coches\/record-rent-a-car-en-el-aeropuerto-palma-de-mallorca\/#primaryimage\",\"inLanguage\":\"es\",\"url\":\"https:\/\/www.redb.info\/coches\/imagenes\/record-go.gif\",\"width\":180,\"height\":65,\"caption\":\"Record go\"},{\"@type\":\"WebPage\",\"@id\":\"https:\/\/www.redb.info\/coches\/record-rent-a-car-en-el-aeropuerto-palma-de-mallorca\/#webpage\",\"url\":\"https:\/\/www.redb.info\/coches\/record-rent-a-car-en-el-aeropuerto-palma-de-mallorca\/\",\"name\":\"Record Rent a Car en el Aeropuerto Palma de Mallorca - Alquiler de coches\",\"isPartOf\":{\"@id\":\"https:\/\/www.redb.info\/coches\/#website\"},\"primaryImageOfPage\":{\"@id\":\"https:\/\/www.redb.info\/coches\/record-rent-a-car-en-el-aeropuerto-palma-de-mallorca\/#primaryimage\"},\"datePublished\":\"2010-07-12T17:21:24+00:00\",\"dateModified\":\"2013-03-26T22:22:17+00:00\",\"author\":{\"@id\":\"https:\/\/www.redb.info\/coches\/#\/schema\/person\/69349a3c035e4fec1a21354f713227f3\"},\"description\":\"Empresa Record Rent a Car cuenta con una oficina en el Aeropuerto de Palma de Mallorca La empresa Record Rent a Car es la primera compa\\u00f1\\u00eda Espa\\u00f1ola en el\",\"inLanguage\":\"es\",\"potentialAction\":[{\"@type\":\"ReadAction\",\"target\":[\"https:\/\/www.redb.info\/coches\/record-rent-a-car-en-el-aeropuerto-palma-de-mallorca\/\"]}]},{\"@type\":\"Person\",\"@id\":\"https:\/\/www.redb.info\/coches\/#\/schema\/person\/69349a3c035e4fec1a21354f713227f3\",\"name\":\"Red B\",\"image\":{\"@type\":\"ImageObject\",\"@id\":\"https:\/\/www.redb.info\/coches\/#personlogo\",\"inLanguage\":\"es\",\"url\":\"https:\/\/secure.gravatar.com\/avatar\/f261739afa65823eb9e0884281785bff?s=96&d=mm&r=g\",\"caption\":\"Red B\"}}]}<\/script>\n<!-- \/ Yoast SEO plugin. -->","_links":{"self":[{"href":"https:\/\/www.redb.info\/coches\/wp-json\/wp\/v2\/posts\/3661"}],"collection":[{"href":"https:\/\/www.redb.info\/coches\/wp-json\/wp\/v2\/posts"}],"about":[{"href":"https:\/\/www.redb.info\/coches\/wp-json\/wp\/v2\/types\/post"}],"author":[{"embeddable":true,"href":"https:\/\/www.redb.info\/coches\/wp-json\/wp\/v2\/users\/3"}],"replies":[{"embeddable":true,"href":"https:\/\/www.redb.info\/coches\/wp-json\/wp\/v2\/comments?post=3661"}],"version-history":[{"count":0,"href":"https:\/\/www.redb.info\/coches\/wp-json\/wp\/v2\/posts\/3661\/revisions"}],"wp:featuredmedia":[{"embeddable":true,"href":"https:\/\/www.redb.info\/coches\/wp-json\/wp\/v2\/media\/9182"}],"wp:attachment":[{"href":"https:\/\/www.redb.info\/coches\/wp-json\/wp\/v2\/media?parent=3661"}],"wp:term":[{"taxonomy":"category","embeddable":true,"href":"https:\/\/www.redb.info\/coches\/wp-json\/wp\/v2\/categories?post=3661"},{"taxonomy":"post_tag","embeddable":true,"href":"https:\/\/www.redb.info\/coches\/wp-json\/wp\/v2\/tags?post=3661"}],"curies":[{"name":"wp","href":"https:\/\/api.w.org\/{rel}","templated":true}]}}