{"id":3653,"date":"2010-07-12T19:08:37","date_gmt":"2010-07-12T17:08:37","guid":{"rendered":"https:\/\/www.redb.info\/coches\/?p=3653"},"modified":"2021-09-24T13:51:10","modified_gmt":"2021-09-24T18:51:10","slug":"goldcar-en-el-aeropuerto-de-palma-de-mallorca","status":"publish","type":"post","link":"https:\/\/www.redb.info\/coches\/goldcar-en-el-aeropuerto-de-palma-de-mallorca\/","title":{"rendered":"Goldcar en el Aeropuerto de Palma de Mallorca"},"content":{"rendered":"<p><div class=\"col-1-2\"><a href=\"https:\/\/www.redb.info\/coches\/imagenes\/goldcar-aeropuerto-palma-mallorca.jpg\"><img loading=\"lazy\"  data-headline=\"goldcar aeropuerto palma mallorca\" src=\"https:\/\/www.redb.info\/coches\/imagenes\/goldcar-aeropuerto-palma-mallorca.jpg\" alt=\"goldcar aeropuerto palma mallorca\" width=\"640\" height=\"343\" class=\"alignleft size-full wp-image-17104\" srcset=\"https:\/\/www.redb.info\/coches\/imagenes\/goldcar-aeropuerto-palma-mallorca.jpg 640w, https:\/\/www.redb.info\/coches\/imagenes\/goldcar-aeropuerto-palma-mallorca-250x134.jpg 250w, https:\/\/www.redb.info\/coches\/imagenes\/goldcar-aeropuerto-palma-mallorca-150x80.jpg 150w\" sizes=\"(max-width: 640px) 100vw, 640px\" \/><\/a><\/div>La empresa de alquiler de coches <strong><a href=\"https:\/\/www.redb.info\/coches\/alquiler\/goldcar\/\" title=\"Goldcar\">Goldcar<\/a><\/strong> est\u00e1 ubicada en el <strong><a href=\"http:\/\/www.aeropuertos.net\/aeropuerto-de-palma-de-mallorca\/\" target=\"_blank\" rel=\"noopener\">Aeropuerto de Palma de Mallorca<\/a><\/strong>.<\/p>\n<p>Esta empresa posee un gran n\u00famero de oficinas en toda <strong><a href=\"https:\/\/www.redb.info\/coches\/alquiler\/espana\/\" title=\"Espa\u00f1a\">Espa\u00f1a<\/a><\/strong>, las que brindan un servicio personalizado a los usuarios que lleguen hasta esta parte de la regi\u00f3n. Adem\u00e1s cuenta con una flota de m\u00e1s de 20.000 veh\u00edculos propios.<\/p>\n<p><h3><i class=\"i-margin icon-th-list\"><\/i>Servicios adicionales de <strong>Goldcar<\/strong><\/h3><br \/>\n\n<ul class=\"icons\" >\n<li><i class=\"icon-caret-right\" style=\"color: #82E0AA;\"><\/i> Asistencia en carretera<\/li>\n<li><i class=\"icon-caret-right\" style=\"color: #82E0AA;\"><\/i> Diversas posibilidades de reservaci\u00f3n<\/li>\n<li><i class=\"icon-caret-right\" style=\"color: #82E0AA;\"><\/i> Equipamientos opcionales<\/li>\n<li><i class=\"icon-caret-right\" style=\"color: #82E0AA;\"><\/i> Alquiler de veh\u00edculos a largo plazo<\/li>\n<\/ul>\n<\/p>\n","protected":false},"excerpt":{"rendered":"<p>La empresa de alquiler de coches Goldcar est\u00e1 ubicada en el Aeropuerto de Palma de Mallorca. Esta empresa posee un gran n\u00famero de oficinas en toda Espa\u00f1a, las que brindan un servicio personalizado a los usuarios que lleguen hasta esta parte de la regi\u00f3n. Adem\u00e1s cuenta con una flota de m\u00e1s de 20.000 veh\u00edculos propios.<\/p>\n","protected":false},"author":3,"featured_media":17102,"comment_status":"open","ping_status":"closed","sticky":false,"template":"","format":"standard","meta":[],"categories":[1],"tags":[115,4,3,136,74,78],"yoast_head":"<!-- This site is optimized with the Yoast SEO plugin v15.7 - https:\/\/yoast.com\/wordpress\/plugins\/seo\/ -->\n<meta name=\"description\" content=\"La empresa de alquiler de coches Goldcar est\u00e1 ubicada en el Aeropuerto de Palma de Mallorca. Esta empresa posee un gran n\u00famero de oficinas en toda Espa\u00f1a,\" \/>\n<meta name=\"robots\" content=\"index, follow, max-snippet:-1, max-image-preview:large, max-video-preview:-1\" \/>\n<link rel=\"canonical\" href=\"https:\/\/www.redb.info\/coches\/goldcar-en-el-aeropuerto-de-palma-de-mallorca\/\" \/>\n<meta property=\"og:locale\" content=\"es_ES\" \/>\n<meta property=\"og:type\" content=\"article\" \/>\n<meta property=\"og:title\" content=\"Goldcar en el Aeropuerto de Palma de Mallorca - Alquiler de coches\" \/>\n<meta property=\"og:description\" content=\"La empresa de alquiler de coches Goldcar est\u00e1 ubicada en el Aeropuerto de Palma de Mallorca. Esta empresa posee un gran n\u00famero de oficinas en toda Espa\u00f1a,\" \/>\n<meta property=\"og:url\" content=\"https:\/\/www.redb.info\/coches\/goldcar-en-el-aeropuerto-de-palma-de-mallorca\/\" \/>\n<meta property=\"og:site_name\" content=\"Alquiler de coches\" \/>\n<meta property=\"article:published_time\" content=\"2010-07-12T17:08:37+00:00\" \/>\n<meta property=\"article:modified_time\" content=\"2021-09-24T18:51:10+00:00\" \/>\n<meta property=\"og:image\" content=\"https:\/\/www.redb.info\/coches\/imagenes\/goldcar.jpg\" \/>\n\t<meta property=\"og:image:width\" content=\"900\" \/>\n\t<meta property=\"og:image:height\" content=\"900\" \/>\n<meta name=\"twitter:card\" content=\"summary\" \/>\n<meta name=\"twitter:creator\" content=\"@redb_coches\" \/>\n<meta name=\"twitter:site\" content=\"@redb_coches\" \/>\n<script type=\"application\/ld+json\" class=\"yoast-schema-graph\">{\"@context\":\"https:\/\/schema.org\",\"@graph\":[{\"@type\":\"WebSite\",\"@id\":\"https:\/\/www.redb.info\/coches\/#website\",\"url\":\"https:\/\/www.redb.info\/coches\/\",\"name\":\"Alquiler de coches\",\"description\":\"Directorio de empresas de alquiler de autos\",\"potentialAction\":[{\"@type\":\"SearchAction\",\"target\":\"https:\/\/www.redb.info\/coches\/?s={search_term_string}\",\"query-input\":\"required name=search_term_string\"}],\"inLanguage\":\"es\"},{\"@type\":\"ImageObject\",\"@id\":\"https:\/\/www.redb.info\/coches\/goldcar-en-el-aeropuerto-de-palma-de-mallorca\/#primaryimage\",\"inLanguage\":\"es\",\"url\":\"https:\/\/www.redb.info\/coches\/imagenes\/goldcar.jpg\",\"width\":900,\"height\":900,\"caption\":\"goldcar\"},{\"@type\":\"WebPage\",\"@id\":\"https:\/\/www.redb.info\/coches\/goldcar-en-el-aeropuerto-de-palma-de-mallorca\/#webpage\",\"url\":\"https:\/\/www.redb.info\/coches\/goldcar-en-el-aeropuerto-de-palma-de-mallorca\/\",\"name\":\"Goldcar en el Aeropuerto de Palma de Mallorca - Alquiler de coches\",\"isPartOf\":{\"@id\":\"https:\/\/www.redb.info\/coches\/#website\"},\"primaryImageOfPage\":{\"@id\":\"https:\/\/www.redb.info\/coches\/goldcar-en-el-aeropuerto-de-palma-de-mallorca\/#primaryimage\"},\"datePublished\":\"2010-07-12T17:08:37+00:00\",\"dateModified\":\"2021-09-24T18:51:10+00:00\",\"author\":{\"@id\":\"https:\/\/www.redb.info\/coches\/#\/schema\/person\/69349a3c035e4fec1a21354f713227f3\"},\"description\":\"La empresa de alquiler de coches Goldcar est\\u00e1 ubicada en el Aeropuerto de Palma de Mallorca. Esta empresa posee un gran n\\u00famero de oficinas en toda Espa\\u00f1a,\",\"inLanguage\":\"es\",\"potentialAction\":[{\"@type\":\"ReadAction\",\"target\":[\"https:\/\/www.redb.info\/coches\/goldcar-en-el-aeropuerto-de-palma-de-mallorca\/\"]}]},{\"@type\":\"Person\",\"@id\":\"https:\/\/www.redb.info\/coches\/#\/schema\/person\/69349a3c035e4fec1a21354f713227f3\",\"name\":\"Red B\",\"image\":{\"@type\":\"ImageObject\",\"@id\":\"https:\/\/www.redb.info\/coches\/#personlogo\",\"inLanguage\":\"es\",\"url\":\"https:\/\/secure.gravatar.com\/avatar\/f261739afa65823eb9e0884281785bff?s=96&d=mm&r=g\",\"caption\":\"Red B\"}}]}<\/script>\n<!-- \/ Yoast SEO plugin. -->","_links":{"self":[{"href":"https:\/\/www.redb.info\/coches\/wp-json\/wp\/v2\/posts\/3653"}],"collection":[{"href":"https:\/\/www.redb.info\/coches\/wp-json\/wp\/v2\/posts"}],"about":[{"href":"https:\/\/www.redb.info\/coches\/wp-json\/wp\/v2\/types\/post"}],"author":[{"embeddable":true,"href":"https:\/\/www.redb.info\/coches\/wp-json\/wp\/v2\/users\/3"}],"replies":[{"embeddable":true,"href":"https:\/\/www.redb.info\/coches\/wp-json\/wp\/v2\/comments?post=3653"}],"version-history":[{"count":0,"href":"https:\/\/www.redb.info\/coches\/wp-json\/wp\/v2\/posts\/3653\/revisions"}],"wp:featuredmedia":[{"embeddable":true,"href":"https:\/\/www.redb.info\/coches\/wp-json\/wp\/v2\/media\/17102"}],"wp:attachment":[{"href":"https:\/\/www.redb.info\/coches\/wp-json\/wp\/v2\/media?parent=3653"}],"wp:term":[{"taxonomy":"category","embeddable":true,"href":"https:\/\/www.redb.info\/coches\/wp-json\/wp\/v2\/categories?post=3653"},{"taxonomy":"post_tag","embeddable":true,"href":"https:\/\/www.redb.info\/coches\/wp-json\/wp\/v2\/tags?post=3653"}],"curies":[{"name":"wp","href":"https:\/\/api.w.org\/{rel}","templated":true}]}}