{"id":3448,"date":"2010-06-29T00:52:31","date_gmt":"2010-06-28T22:52:31","guid":{"rendered":"https:\/\/www.redb.info\/coches\/?p=3448"},"modified":"2014-07-31T21:38:56","modified_gmt":"2014-07-31T19:38:56","slug":"avis-en-algeciras-av-villanueva-3-cadiz","status":"publish","type":"post","link":"https:\/\/www.redb.info\/coches\/avis-en-algeciras-av-villanueva-3-cadiz\/","title":{"rendered":"Avis en Algeciras, Av villanueva 3 (C\u00e1diz)"},"content":{"rendered":"<p><a href=\"https:\/\/www.redb.info\/coches\/alquiler\/avis\/\"><img src=\"https:\/\/img.redb.info\/up\/1273198377.gif\" class=\"right\" alt=\"Avis\" \/><\/a><br \/>\nEncuentra <strong>coches de alquiler<\/strong>, de la empresa <strong>Avis<\/strong> en una de sus oficinas que se ubicada, en <strong>Algeciras, Av villanueva 3 (C\u00e1diz)<\/strong> (Espa\u00f1a).<\/p>\n<p>Tambi\u00e9n encontraras en esta oficina una gama de modelos de coches de tu preferencia<\/p>\n<p><strong>Servicios<\/strong><br \/>\nDevoluci\u00f3n fuera del horario de apertura<br \/>\nAsistencia en carretera<\/p>\n<p><strong>Extras disponibles<\/strong><br \/>\nAsientos para bebes<br \/>\nSistema de Navegaci\u00f3n<br \/>\nCadenas<\/p>\n","protected":false},"excerpt":{"rendered":"<p>Encuentra coches de alquiler, de la empresa Avis en una de sus oficinas que se ubicada, en Algeciras, Av villanueva 3 (C\u00e1diz) (Espa\u00f1a). Tambi\u00e9n encontraras en esta oficina una gama de modelos de coches de tu preferencia Servicios Devoluci\u00f3n fuera del horario de apertura Asistencia en carretera Extras disponibles Asientos para bebes Sistema de Navegaci\u00f3n [&hellip;]<\/p>\n","protected":false},"author":3,"featured_media":13647,"comment_status":"open","ping_status":"closed","sticky":false,"template":"","format":"standard","meta":[],"categories":[1],"tags":[18,55,4,3],"yoast_head":"<!-- This site is optimized with the Yoast SEO plugin v15.7 - https:\/\/yoast.com\/wordpress\/plugins\/seo\/ -->\n<meta name=\"description\" content=\"Encuentra coches de alquiler, de la empresa Avis en una de sus oficinas que se ubicada, en Algeciras, Av villanueva 3 (C\u00e1diz) (Espa\u00f1a). Tambi\u00e9n\" \/>\n<meta name=\"robots\" content=\"index, follow, max-snippet:-1, max-image-preview:large, max-video-preview:-1\" \/>\n<link rel=\"canonical\" href=\"https:\/\/www.redb.info\/coches\/avis-en-algeciras-av-villanueva-3-cadiz\/\" \/>\n<meta property=\"og:locale\" content=\"es_ES\" \/>\n<meta property=\"og:type\" content=\"article\" \/>\n<meta property=\"og:title\" content=\"Avis en Algeciras, Av villanueva 3 (C\u00e1diz) - Alquiler de coches\" \/>\n<meta property=\"og:description\" content=\"Encuentra coches de alquiler, de la empresa Avis en una de sus oficinas que se ubicada, en Algeciras, Av villanueva 3 (C\u00e1diz) (Espa\u00f1a). Tambi\u00e9n\" \/>\n<meta property=\"og:url\" content=\"https:\/\/www.redb.info\/coches\/avis-en-algeciras-av-villanueva-3-cadiz\/\" \/>\n<meta property=\"og:site_name\" content=\"Alquiler de coches\" \/>\n<meta property=\"article:published_time\" content=\"2010-06-28T22:52:31+00:00\" \/>\n<meta property=\"article:modified_time\" content=\"2014-07-31T19:38:56+00:00\" \/>\n<meta property=\"og:image\" content=\"https:\/\/www.redb.info\/coches\/imagenes\/avis6.gif\" \/>\n\t<meta property=\"og:image:width\" content=\"129\" \/>\n\t<meta property=\"og:image:height\" content=\"51\" \/>\n<meta name=\"twitter:card\" content=\"summary\" \/>\n<meta name=\"twitter:creator\" content=\"@redb_coches\" \/>\n<meta name=\"twitter:site\" content=\"@redb_coches\" \/>\n<script type=\"application\/ld+json\" class=\"yoast-schema-graph\">{\"@context\":\"https:\/\/schema.org\",\"@graph\":[{\"@type\":\"WebSite\",\"@id\":\"https:\/\/www.redb.info\/coches\/#website\",\"url\":\"https:\/\/www.redb.info\/coches\/\",\"name\":\"Alquiler de coches\",\"description\":\"Directorio de empresas de alquiler de autos\",\"potentialAction\":[{\"@type\":\"SearchAction\",\"target\":\"https:\/\/www.redb.info\/coches\/?s={search_term_string}\",\"query-input\":\"required name=search_term_string\"}],\"inLanguage\":\"es\"},{\"@type\":\"ImageObject\",\"@id\":\"https:\/\/www.redb.info\/coches\/avis-en-algeciras-av-villanueva-3-cadiz\/#primaryimage\",\"inLanguage\":\"es\",\"url\":\"https:\/\/www.redb.info\/coches\/imagenes\/avis6.gif\",\"width\":129,\"height\":51},{\"@type\":\"WebPage\",\"@id\":\"https:\/\/www.redb.info\/coches\/avis-en-algeciras-av-villanueva-3-cadiz\/#webpage\",\"url\":\"https:\/\/www.redb.info\/coches\/avis-en-algeciras-av-villanueva-3-cadiz\/\",\"name\":\"Avis en Algeciras, Av villanueva 3 (C\\u00e1diz) - Alquiler de coches\",\"isPartOf\":{\"@id\":\"https:\/\/www.redb.info\/coches\/#website\"},\"primaryImageOfPage\":{\"@id\":\"https:\/\/www.redb.info\/coches\/avis-en-algeciras-av-villanueva-3-cadiz\/#primaryimage\"},\"datePublished\":\"2010-06-28T22:52:31+00:00\",\"dateModified\":\"2014-07-31T19:38:56+00:00\",\"author\":{\"@id\":\"https:\/\/www.redb.info\/coches\/#\/schema\/person\/69349a3c035e4fec1a21354f713227f3\"},\"description\":\"Encuentra coches de alquiler, de la empresa Avis en una de sus oficinas que se ubicada, en Algeciras, Av villanueva 3 (C\\u00e1diz) (Espa\\u00f1a). Tambi\\u00e9n\",\"inLanguage\":\"es\",\"potentialAction\":[{\"@type\":\"ReadAction\",\"target\":[\"https:\/\/www.redb.info\/coches\/avis-en-algeciras-av-villanueva-3-cadiz\/\"]}]},{\"@type\":\"Person\",\"@id\":\"https:\/\/www.redb.info\/coches\/#\/schema\/person\/69349a3c035e4fec1a21354f713227f3\",\"name\":\"Red B\",\"image\":{\"@type\":\"ImageObject\",\"@id\":\"https:\/\/www.redb.info\/coches\/#personlogo\",\"inLanguage\":\"es\",\"url\":\"https:\/\/secure.gravatar.com\/avatar\/f261739afa65823eb9e0884281785bff?s=96&d=mm&r=g\",\"caption\":\"Red B\"}}]}<\/script>\n<!-- \/ Yoast SEO plugin. -->","_links":{"self":[{"href":"https:\/\/www.redb.info\/coches\/wp-json\/wp\/v2\/posts\/3448"}],"collection":[{"href":"https:\/\/www.redb.info\/coches\/wp-json\/wp\/v2\/posts"}],"about":[{"href":"https:\/\/www.redb.info\/coches\/wp-json\/wp\/v2\/types\/post"}],"author":[{"embeddable":true,"href":"https:\/\/www.redb.info\/coches\/wp-json\/wp\/v2\/users\/3"}],"replies":[{"embeddable":true,"href":"https:\/\/www.redb.info\/coches\/wp-json\/wp\/v2\/comments?post=3448"}],"version-history":[{"count":0,"href":"https:\/\/www.redb.info\/coches\/wp-json\/wp\/v2\/posts\/3448\/revisions"}],"wp:featuredmedia":[{"embeddable":true,"href":"https:\/\/www.redb.info\/coches\/wp-json\/wp\/v2\/media\/13647"}],"wp:attachment":[{"href":"https:\/\/www.redb.info\/coches\/wp-json\/wp\/v2\/media?parent=3448"}],"wp:term":[{"taxonomy":"category","embeddable":true,"href":"https:\/\/www.redb.info\/coches\/wp-json\/wp\/v2\/categories?post=3448"},{"taxonomy":"post_tag","embeddable":true,"href":"https:\/\/www.redb.info\/coches\/wp-json\/wp\/v2\/tags?post=3448"}],"curies":[{"name":"wp","href":"https:\/\/api.w.org\/{rel}","templated":true}]}}