{"id":3362,"date":"2010-06-24T00:54:07","date_gmt":"2010-06-23T22:54:07","guid":{"rendered":"https:\/\/www.redb.info\/coches\/?p=3362"},"modified":"2021-10-20T12:23:37","modified_gmt":"2021-10-20T17:23:37","slug":"alquiler-de-coches-avis-en-la-estacion-de-tren-valencia","status":"publish","type":"post","link":"https:\/\/www.redb.info\/coches\/alquiler-de-coches-avis-en-la-estacion-de-tren-valencia\/","title":{"rendered":"Alquiler de coches Avis en la Estaci\u00f3n de Tren, Valencia"},"content":{"rendered":"<p><a href=\"https:\/\/www.redb.info\/coches\/imagenes\/Avis-.jpg\"><img loading=\"lazy\"  data-headline=\"Avis\" src=\"https:\/\/www.redb.info\/coches\/imagenes\/Avis--250x131.jpg\" alt=\"Avis\" width=\"250\" height=\"131\" class=\"alignleft size-medium wp-image-17087\" srcset=\"https:\/\/www.redb.info\/coches\/imagenes\/Avis--250x131.jpg 250w, https:\/\/www.redb.info\/coches\/imagenes\/Avis--150x79.jpg 150w, https:\/\/www.redb.info\/coches\/imagenes\/Avis--768x403.jpg 768w, https:\/\/www.redb.info\/coches\/imagenes\/Avis-.jpg 1200w\" sizes=\"(max-width: 250px) 100vw, 250px\" \/><\/a> La <strong>empresa Avis brinda<\/strong> servicios de alquiler de coches y cuenta con una <strong>oficina en la estaci\u00f3n de tren de Valencia<\/strong>. <\/p>\n<p>La empresa de Alquiler de coches <strong><a title=\"Avis\" href=\"https:\/\/www.redb.info\/coches\/alquiler\/avis\/\">Avis<\/a><\/strong>, Valencia, se encuentra ubicada en la <strong>Estaci\u00f3n de Tren AVE Valencia<\/strong> (<a title=\"Espa\u00f1a\" href=\"https:\/\/www.redb.info\/coches\/alquiler\/espana\/\">Espa\u00f1a<\/a>).<\/p>\n<p>Encontrar\u00e1s en esta oficina una diversidad de ofertas y modelos de veh\u00edculos seg\u00fan tu preferencia. <\/p>\n<p><h2><i class=\"i-margin icon-th-list\"><\/i>Servicios de AVIS<\/h2><br \/>\n<div class=\"col-1-2\">\n\n<ul class=\"icons\" >\n<li><i class=\"icon-caret-right\" style=\"color: maroon;\"><\/i> Avis Preferred<\/li>\n<li><i class=\"icon-caret-right\" style=\"color: maroon;\"><\/i> Devoluci\u00f3n fuera del horario de apertura<\/li>\n<li><i class=\"icon-caret-right\" style=\"color: maroon;\"><\/i> Asistencia en carretera<\/li>\n<\/ul>\n<\/p>\n<p><h3><i class=\"i-margin icon-edit\"><\/i>Servicios adicionales<\/h3><br \/>\n\n<ul class=\"icons\" >\n<li><i class=\"icon-check\" style=\"color: green;\"><\/i> Asientos para bebes<\/li>\n<li><i class=\"icon-check\" style=\"color: green;\"><\/i> Sistema de Navegaci\u00f3n<\/li>\n<li><i class=\"icon-check\" style=\"color: green;\"><\/i> Cadenas<\/li>\n<\/ul>\n<br \/>\n<\/div><div class=\"col-1-2 last\"><a href=\"https:\/\/www.redb.info\/coches\/imagenes\/Estacion-de-Tren-AVE-Valencia-1-scaled.jpg\"><img loading=\"lazy\"  data-headline=\"Estaci\u00f3n de Tren AVE Valencia\" src=\"https:\/\/www.redb.info\/coches\/imagenes\/Estacion-de-Tren-AVE-Valencia-1-scaled.jpg\" alt=\"Estaci\u00f3n de Tren AVE Valencia\" width=\"2560\" height=\"1920\" class=\"alignright size-full wp-image-17109\" srcset=\"https:\/\/www.redb.info\/coches\/imagenes\/Estacion-de-Tren-AVE-Valencia-1-scaled.jpg 2560w, https:\/\/www.redb.info\/coches\/imagenes\/Estacion-de-Tren-AVE-Valencia-1-250x188.jpg 250w, https:\/\/www.redb.info\/coches\/imagenes\/Estacion-de-Tren-AVE-Valencia-1-150x113.jpg 150w, https:\/\/www.redb.info\/coches\/imagenes\/Estacion-de-Tren-AVE-Valencia-1-768x576.jpg 768w, https:\/\/www.redb.info\/coches\/imagenes\/Estacion-de-Tren-AVE-Valencia-1-1536x1152.jpg 1536w, https:\/\/www.redb.info\/coches\/imagenes\/Estacion-de-Tren-AVE-Valencia-1-2048x1536.jpg 2048w\" sizes=\"(max-width: 2560px) 100vw, 2560px\" \/><\/a><\/div><\/p>\n<h2> <i class=\"i-margin icon-car\" ><\/i> Modelos de coches <\/h2>\n<p><strong><em>Avis<\/em><\/strong> cuenta con una variedad de coches en su catalogo, ya sea si deseas un <strong>coche peque\u00f1o<\/strong> o si deseas un <strong> alquilar un coche grande<\/strong> para trasladar a grupos de personas. Adem\u00e1s, si buscas exclusividad y marcas reconocidas a nivel mundial tambi\u00e9n la puedes conseguir modelos deportivos.<\/p>\n<li>Fiat 500<\/li>\n<li>Autos medianos y autom\u00e1ticos<\/li>\n<li>Audis<\/li>\n<li>BMWs deportivos<\/li>\n<li>Divertidos minis<\/li>\n<li>Minifurgonetas Mercedes<\/li>\n<li>Furgonetas<\/li>\n","protected":false},"excerpt":{"rendered":"<p>La empresa Avis brinda servicios de alquiler de coches y cuenta con una oficina en la estaci\u00f3n de tren de Valencia. La empresa de Alquiler de coches Avis, Valencia, se encuentra ubicada en la Estaci\u00f3n de Tren AVE Valencia (Espa\u00f1a). Encontrar\u00e1s en esta oficina una diversidad de ofertas y modelos de veh\u00edculos seg\u00fan tu preferencia. [&hellip;]<\/p>\n","protected":false},"author":3,"featured_media":17087,"comment_status":"open","ping_status":"closed","sticky":false,"template":"","format":"standard","meta":[],"categories":[1],"tags":[18,55,4,3,69],"yoast_head":"<!-- This site is optimized with the Yoast SEO plugin v15.7 - https:\/\/yoast.com\/wordpress\/plugins\/seo\/ -->\n<meta name=\"description\" content=\"La empresa Avis brinda servicios de alquiler de coches y cuenta con una oficina en la estaci\u00f3n de tren de Valencia. La empresa de Alquiler de coches Avis,\" \/>\n<meta name=\"robots\" content=\"index, follow, max-snippet:-1, max-image-preview:large, max-video-preview:-1\" \/>\n<link rel=\"canonical\" href=\"https:\/\/www.redb.info\/coches\/alquiler-de-coches-avis-en-la-estacion-de-tren-valencia\/\" \/>\n<meta property=\"og:locale\" content=\"es_ES\" \/>\n<meta property=\"og:type\" content=\"article\" \/>\n<meta property=\"og:title\" content=\"Alquiler de coches Avis en la Estaci\u00f3n de Tren, Valencia - Alquiler de coches\" \/>\n<meta property=\"og:description\" content=\"La empresa Avis brinda servicios de alquiler de coches y cuenta con una oficina en la estaci\u00f3n de tren de Valencia. La empresa de Alquiler de coches Avis,\" \/>\n<meta property=\"og:url\" content=\"https:\/\/www.redb.info\/coches\/alquiler-de-coches-avis-en-la-estacion-de-tren-valencia\/\" \/>\n<meta property=\"og:site_name\" content=\"Alquiler de coches\" \/>\n<meta property=\"article:published_time\" content=\"2010-06-23T22:54:07+00:00\" \/>\n<meta property=\"article:modified_time\" content=\"2021-10-20T17:23:37+00:00\" \/>\n<meta property=\"og:image\" content=\"https:\/\/www.redb.info\/coches\/imagenes\/Avis-.jpg\" \/>\n\t<meta property=\"og:image:width\" content=\"1200\" \/>\n\t<meta property=\"og:image:height\" content=\"630\" \/>\n<meta name=\"twitter:card\" content=\"summary\" \/>\n<meta name=\"twitter:creator\" content=\"@redb_coches\" \/>\n<meta name=\"twitter:site\" content=\"@redb_coches\" \/>\n<meta name=\"twitter:label1\" content=\"Tiempo de lectura\">\n\t<meta name=\"twitter:data1\" content=\"1 minuto\">\n<script type=\"application\/ld+json\" class=\"yoast-schema-graph\">{\"@context\":\"https:\/\/schema.org\",\"@graph\":[{\"@type\":\"WebSite\",\"@id\":\"https:\/\/www.redb.info\/coches\/#website\",\"url\":\"https:\/\/www.redb.info\/coches\/\",\"name\":\"Alquiler de coches\",\"description\":\"Directorio de empresas de alquiler de autos\",\"potentialAction\":[{\"@type\":\"SearchAction\",\"target\":\"https:\/\/www.redb.info\/coches\/?s={search_term_string}\",\"query-input\":\"required name=search_term_string\"}],\"inLanguage\":\"es\"},{\"@type\":\"ImageObject\",\"@id\":\"https:\/\/www.redb.info\/coches\/alquiler-de-coches-avis-en-la-estacion-de-tren-valencia\/#primaryimage\",\"inLanguage\":\"es\",\"url\":\"https:\/\/www.redb.info\/coches\/imagenes\/Avis-.jpg\",\"width\":1200,\"height\":630,\"caption\":\"Avis\"},{\"@type\":\"WebPage\",\"@id\":\"https:\/\/www.redb.info\/coches\/alquiler-de-coches-avis-en-la-estacion-de-tren-valencia\/#webpage\",\"url\":\"https:\/\/www.redb.info\/coches\/alquiler-de-coches-avis-en-la-estacion-de-tren-valencia\/\",\"name\":\"Alquiler de coches Avis en la Estaci\\u00f3n de Tren, Valencia - Alquiler de coches\",\"isPartOf\":{\"@id\":\"https:\/\/www.redb.info\/coches\/#website\"},\"primaryImageOfPage\":{\"@id\":\"https:\/\/www.redb.info\/coches\/alquiler-de-coches-avis-en-la-estacion-de-tren-valencia\/#primaryimage\"},\"datePublished\":\"2010-06-23T22:54:07+00:00\",\"dateModified\":\"2021-10-20T17:23:37+00:00\",\"author\":{\"@id\":\"https:\/\/www.redb.info\/coches\/#\/schema\/person\/69349a3c035e4fec1a21354f713227f3\"},\"description\":\"La empresa Avis brinda servicios de alquiler de coches y cuenta con una oficina en la estaci\\u00f3n de tren de Valencia. La empresa de Alquiler de coches Avis,\",\"inLanguage\":\"es\",\"potentialAction\":[{\"@type\":\"ReadAction\",\"target\":[\"https:\/\/www.redb.info\/coches\/alquiler-de-coches-avis-en-la-estacion-de-tren-valencia\/\"]}]},{\"@type\":\"Person\",\"@id\":\"https:\/\/www.redb.info\/coches\/#\/schema\/person\/69349a3c035e4fec1a21354f713227f3\",\"name\":\"Red B\",\"image\":{\"@type\":\"ImageObject\",\"@id\":\"https:\/\/www.redb.info\/coches\/#personlogo\",\"inLanguage\":\"es\",\"url\":\"https:\/\/secure.gravatar.com\/avatar\/f261739afa65823eb9e0884281785bff?s=96&d=mm&r=g\",\"caption\":\"Red B\"}}]}<\/script>\n<!-- \/ Yoast SEO plugin. -->","_links":{"self":[{"href":"https:\/\/www.redb.info\/coches\/wp-json\/wp\/v2\/posts\/3362"}],"collection":[{"href":"https:\/\/www.redb.info\/coches\/wp-json\/wp\/v2\/posts"}],"about":[{"href":"https:\/\/www.redb.info\/coches\/wp-json\/wp\/v2\/types\/post"}],"author":[{"embeddable":true,"href":"https:\/\/www.redb.info\/coches\/wp-json\/wp\/v2\/users\/3"}],"replies":[{"embeddable":true,"href":"https:\/\/www.redb.info\/coches\/wp-json\/wp\/v2\/comments?post=3362"}],"version-history":[{"count":0,"href":"https:\/\/www.redb.info\/coches\/wp-json\/wp\/v2\/posts\/3362\/revisions"}],"wp:featuredmedia":[{"embeddable":true,"href":"https:\/\/www.redb.info\/coches\/wp-json\/wp\/v2\/media\/17087"}],"wp:attachment":[{"href":"https:\/\/www.redb.info\/coches\/wp-json\/wp\/v2\/media?parent=3362"}],"wp:term":[{"taxonomy":"category","embeddable":true,"href":"https:\/\/www.redb.info\/coches\/wp-json\/wp\/v2\/categories?post=3362"},{"taxonomy":"post_tag","embeddable":true,"href":"https:\/\/www.redb.info\/coches\/wp-json\/wp\/v2\/tags?post=3362"}],"curies":[{"name":"wp","href":"https:\/\/api.w.org\/{rel}","templated":true}]}}