{"id":3358,"date":"2010-06-24T00:32:25","date_gmt":"2010-06-23T22:32:25","guid":{"rendered":"https:\/\/www.redb.info\/coches\/?p=3358"},"modified":"2014-07-31T21:41:17","modified_gmt":"2014-07-31T19:41:17","slug":"avis-en-gran-via-ramon-y-cajal-2-valencia","status":"publish","type":"post","link":"https:\/\/www.redb.info\/coches\/avis-en-gran-via-ramon-y-cajal-2-valencia\/","title":{"rendered":"Avis en Gran V\u00eda Ram\u00f3n y Cajal 2, Valencia"},"content":{"rendered":"<p><a href=\"https:\/\/www.redb.info\/coches\/alquiler\/avis\/\"><img src=\"https:\/\/img.redb.info\/up\/1273198377.gif\" class=\"right\" alt=\"Avis\" \/><\/a> Empresa <strong><a href=\"https:\/\/www.redb.info\/coches\/alquiler\/avis\/\" title=\"Avis\">Avis<\/a><\/strong> dedicada al alquiler de coches, cuenta con una de sus oficinas en <strong>Gran V\u00eda Ram\u00f3n y Cajal 2, Valencia<\/strong> (<a href=\"https:\/\/www.redb.info\/coches\/alquiler\/espana\/\" title=\"Espa\u00f1a\">Espa\u00f1a<\/a>), ofrece tambi\u00e9n  una diversidad de modelos de coches a gusto del usuario.<\/p>\n<p><strong>Avis cuenta con los siguientes servicios<\/strong><br \/>\nServicios: Devoluci\u00f3n fuera del horario de apertura, asistencia en carretera.<br \/>\nServicios extras disponibles: Asientos para bebes, sistema de Navegaci\u00f3n, cadenas.<\/p>\n","protected":false},"excerpt":{"rendered":"<p>Empresa Avis dedicada al alquiler de coches, cuenta con una de sus oficinas en Gran V\u00eda Ram\u00f3n y Cajal 2, Valencia (Espa\u00f1a), ofrece tambi\u00e9n una diversidad de modelos de coches a gusto del usuario. Avis cuenta con los siguientes servicios Servicios: Devoluci\u00f3n fuera del horario de apertura, asistencia en carretera. Servicios extras disponibles: Asientos para [&hellip;]<\/p>\n","protected":false},"author":3,"featured_media":13603,"comment_status":"open","ping_status":"closed","sticky":false,"template":"","format":"standard","meta":[],"categories":[1],"tags":[18,55,4,3,69],"yoast_head":"<!-- This site is optimized with the Yoast SEO plugin v15.7 - https:\/\/yoast.com\/wordpress\/plugins\/seo\/ -->\n<meta name=\"description\" content=\"Empresa Avis dedicada al alquiler de coches, cuenta con una de sus oficinas en Gran V\u00eda Ram\u00f3n y Cajal 2, Valencia (Espa\u00f1a), ofrece tambi\u00e9n una diversidad\" \/>\n<meta name=\"robots\" content=\"index, follow, max-snippet:-1, max-image-preview:large, max-video-preview:-1\" \/>\n<link rel=\"canonical\" href=\"https:\/\/www.redb.info\/coches\/avis-en-gran-via-ramon-y-cajal-2-valencia\/\" \/>\n<meta property=\"og:locale\" content=\"es_ES\" \/>\n<meta property=\"og:type\" content=\"article\" \/>\n<meta property=\"og:title\" content=\"Avis en Gran V\u00eda Ram\u00f3n y Cajal 2, Valencia  - Alquiler de coches\" \/>\n<meta property=\"og:description\" content=\"Empresa Avis dedicada al alquiler de coches, cuenta con una de sus oficinas en Gran V\u00eda Ram\u00f3n y Cajal 2, Valencia (Espa\u00f1a), ofrece tambi\u00e9n una diversidad\" \/>\n<meta property=\"og:url\" content=\"https:\/\/www.redb.info\/coches\/avis-en-gran-via-ramon-y-cajal-2-valencia\/\" \/>\n<meta property=\"og:site_name\" content=\"Alquiler de coches\" \/>\n<meta property=\"article:published_time\" content=\"2010-06-23T22:32:25+00:00\" \/>\n<meta property=\"article:modified_time\" content=\"2014-07-31T19:41:17+00:00\" \/>\n<meta property=\"og:image\" content=\"https:\/\/www.redb.info\/coches\/imagenes\/12731983771.gif\" \/>\n\t<meta property=\"og:image:width\" content=\"145\" \/>\n\t<meta property=\"og:image:height\" content=\"75\" \/>\n<meta name=\"twitter:card\" content=\"summary\" \/>\n<meta name=\"twitter:creator\" content=\"@redb_coches\" \/>\n<meta name=\"twitter:site\" content=\"@redb_coches\" \/>\n<script type=\"application\/ld+json\" class=\"yoast-schema-graph\">{\"@context\":\"https:\/\/schema.org\",\"@graph\":[{\"@type\":\"WebSite\",\"@id\":\"https:\/\/www.redb.info\/coches\/#website\",\"url\":\"https:\/\/www.redb.info\/coches\/\",\"name\":\"Alquiler de coches\",\"description\":\"Directorio de empresas de alquiler de autos\",\"potentialAction\":[{\"@type\":\"SearchAction\",\"target\":\"https:\/\/www.redb.info\/coches\/?s={search_term_string}\",\"query-input\":\"required name=search_term_string\"}],\"inLanguage\":\"es\"},{\"@type\":\"ImageObject\",\"@id\":\"https:\/\/www.redb.info\/coches\/avis-en-gran-via-ramon-y-cajal-2-valencia\/#primaryimage\",\"inLanguage\":\"es\",\"url\":\"https:\/\/www.redb.info\/coches\/imagenes\/12731983771.gif\",\"width\":145,\"height\":75},{\"@type\":\"WebPage\",\"@id\":\"https:\/\/www.redb.info\/coches\/avis-en-gran-via-ramon-y-cajal-2-valencia\/#webpage\",\"url\":\"https:\/\/www.redb.info\/coches\/avis-en-gran-via-ramon-y-cajal-2-valencia\/\",\"name\":\"Avis en Gran V\\u00eda Ram\\u00f3n y Cajal 2, Valencia - Alquiler de coches\",\"isPartOf\":{\"@id\":\"https:\/\/www.redb.info\/coches\/#website\"},\"primaryImageOfPage\":{\"@id\":\"https:\/\/www.redb.info\/coches\/avis-en-gran-via-ramon-y-cajal-2-valencia\/#primaryimage\"},\"datePublished\":\"2010-06-23T22:32:25+00:00\",\"dateModified\":\"2014-07-31T19:41:17+00:00\",\"author\":{\"@id\":\"https:\/\/www.redb.info\/coches\/#\/schema\/person\/69349a3c035e4fec1a21354f713227f3\"},\"description\":\"Empresa Avis dedicada al alquiler de coches, cuenta con una de sus oficinas en Gran V\\u00eda Ram\\u00f3n y Cajal 2, Valencia (Espa\\u00f1a), ofrece tambi\\u00e9n una diversidad\",\"inLanguage\":\"es\",\"potentialAction\":[{\"@type\":\"ReadAction\",\"target\":[\"https:\/\/www.redb.info\/coches\/avis-en-gran-via-ramon-y-cajal-2-valencia\/\"]}]},{\"@type\":\"Person\",\"@id\":\"https:\/\/www.redb.info\/coches\/#\/schema\/person\/69349a3c035e4fec1a21354f713227f3\",\"name\":\"Red B\",\"image\":{\"@type\":\"ImageObject\",\"@id\":\"https:\/\/www.redb.info\/coches\/#personlogo\",\"inLanguage\":\"es\",\"url\":\"https:\/\/secure.gravatar.com\/avatar\/f261739afa65823eb9e0884281785bff?s=96&d=mm&r=g\",\"caption\":\"Red B\"}}]}<\/script>\n<!-- \/ Yoast SEO plugin. -->","_links":{"self":[{"href":"https:\/\/www.redb.info\/coches\/wp-json\/wp\/v2\/posts\/3358"}],"collection":[{"href":"https:\/\/www.redb.info\/coches\/wp-json\/wp\/v2\/posts"}],"about":[{"href":"https:\/\/www.redb.info\/coches\/wp-json\/wp\/v2\/types\/post"}],"author":[{"embeddable":true,"href":"https:\/\/www.redb.info\/coches\/wp-json\/wp\/v2\/users\/3"}],"replies":[{"embeddable":true,"href":"https:\/\/www.redb.info\/coches\/wp-json\/wp\/v2\/comments?post=3358"}],"version-history":[{"count":0,"href":"https:\/\/www.redb.info\/coches\/wp-json\/wp\/v2\/posts\/3358\/revisions"}],"wp:featuredmedia":[{"embeddable":true,"href":"https:\/\/www.redb.info\/coches\/wp-json\/wp\/v2\/media\/13603"}],"wp:attachment":[{"href":"https:\/\/www.redb.info\/coches\/wp-json\/wp\/v2\/media?parent=3358"}],"wp:term":[{"taxonomy":"category","embeddable":true,"href":"https:\/\/www.redb.info\/coches\/wp-json\/wp\/v2\/categories?post=3358"},{"taxonomy":"post_tag","embeddable":true,"href":"https:\/\/www.redb.info\/coches\/wp-json\/wp\/v2\/tags?post=3358"}],"curies":[{"name":"wp","href":"https:\/\/api.w.org\/{rel}","templated":true}]}}