{"id":2802,"date":"2010-06-06T05:19:07","date_gmt":"2010-06-06T03:19:07","guid":{"rendered":"https:\/\/www.redb.info\/coches\/?p=2802"},"modified":"2014-07-31T22:29:38","modified_gmt":"2014-07-31T20:29:38","slug":"avis-alquiler-de-coches-en-la-estacion-de-tren-de-albacete","status":"publish","type":"post","link":"https:\/\/www.redb.info\/coches\/avis-alquiler-de-coches-en-la-estacion-de-tren-de-albacete\/","title":{"rendered":"Avis alquiler de coches en la Estaci\u00f3n de tren de Albacete"},"content":{"rendered":"<p><a href=\"https:\/\/www.redb.info\/coches\/alquiler\/avis\/\"><img src=\"https:\/\/img.redb.info\/up\/1273198377.gif\" class=\"right\" alt=\"Avis\" \/><\/a><strong>Avis<\/strong> es una importante empresa dedicada al <strong>alquiler de coches<\/strong>. Dispone de una oficina en la <strong>estaci\u00f3n de tren de Albacete<\/strong>.<\/p>\n<p>A nivel mundial Avis tiene presencia en 163 pa\u00edses a trav\u00e9s de sus 4.800 puntos de alquiler, realizando m\u00e1s de 15 millones de alquileres al a\u00f1o.<\/p>\n<p><strong>Servicios<\/strong><br \/>\nDevoluci\u00f3n fuera del horario de apertura<br \/>\nAsistencia en carretera<\/p>\n<p><strong>Extras disponibles<\/strong><br \/>\nAsientos para bebes<br \/>\nSistema de Navegaci\u00f3n<br \/>\nCadenas<\/p>\n<p><strong>Horario de apertura<\/strong><br \/>\nLunes \t09:00 &#8211; 13:30 \t  \t16:00 &#8211; 19:30<br \/>\nMartes \t09:00 &#8211; 13:30 \t  \t16:00 &#8211; 19:30<br \/>\nMi\u00e9rcoles \t09:00 &#8211; 13:30 \t  \t16:00 &#8211; 19:30<br \/>\nJueves \t09:00 &#8211; 13:30 \t  \t16:00 &#8211; 19:30<br \/>\nViernes \t09:00 &#8211; 13:30 \t  \t16:00 &#8211; 19:30<br \/>\nS\u00e1bado \t09:30 &#8211; 13:00 \t  \t00:00 &#8211; 00:00<br \/>\nDomingo \tCerrado<\/p>\n","protected":false},"excerpt":{"rendered":"<p>Avis es una importante empresa dedicada al alquiler de coches. Dispone de una oficina en la estaci\u00f3n de tren de Albacete. A nivel mundial Avis tiene presencia en 163 pa\u00edses a trav\u00e9s de sus 4.800 puntos de alquiler, realizando m\u00e1s de 15 millones de alquileres al a\u00f1o. Servicios Devoluci\u00f3n fuera del horario de apertura Asistencia [&hellip;]<\/p>\n","protected":false},"author":3,"featured_media":13603,"comment_status":"open","ping_status":"closed","sticky":false,"template":"","format":"standard","meta":[],"categories":[1],"tags":[18,55,4,3],"yoast_head":"<!-- This site is optimized with the Yoast SEO plugin v15.7 - https:\/\/yoast.com\/wordpress\/plugins\/seo\/ -->\n<meta name=\"description\" content=\"Avis es una importante empresa dedicada al alquiler de coches. Dispone de una oficina en la estaci\u00f3n de tren de Albacete. A nivel mundial Avis tiene\" \/>\n<meta name=\"robots\" content=\"index, follow, max-snippet:-1, max-image-preview:large, max-video-preview:-1\" \/>\n<link rel=\"canonical\" href=\"https:\/\/www.redb.info\/coches\/avis-alquiler-de-coches-en-la-estacion-de-tren-de-albacete\/\" \/>\n<meta property=\"og:locale\" content=\"es_ES\" \/>\n<meta property=\"og:type\" content=\"article\" \/>\n<meta property=\"og:title\" content=\"Avis alquiler de coches en la Estaci\u00f3n de tren de Albacete - Alquiler de coches\" \/>\n<meta property=\"og:description\" content=\"Avis es una importante empresa dedicada al alquiler de coches. Dispone de una oficina en la estaci\u00f3n de tren de Albacete. A nivel mundial Avis tiene\" \/>\n<meta property=\"og:url\" content=\"https:\/\/www.redb.info\/coches\/avis-alquiler-de-coches-en-la-estacion-de-tren-de-albacete\/\" \/>\n<meta property=\"og:site_name\" content=\"Alquiler de coches\" \/>\n<meta property=\"article:published_time\" content=\"2010-06-06T03:19:07+00:00\" \/>\n<meta property=\"article:modified_time\" content=\"2014-07-31T20:29:38+00:00\" \/>\n<meta property=\"og:image\" content=\"https:\/\/www.redb.info\/coches\/imagenes\/12731983771.gif\" \/>\n\t<meta property=\"og:image:width\" content=\"145\" \/>\n\t<meta property=\"og:image:height\" content=\"75\" \/>\n<meta name=\"twitter:card\" content=\"summary\" \/>\n<meta name=\"twitter:creator\" content=\"@redb_coches\" \/>\n<meta name=\"twitter:site\" content=\"@redb_coches\" \/>\n<script type=\"application\/ld+json\" class=\"yoast-schema-graph\">{\"@context\":\"https:\/\/schema.org\",\"@graph\":[{\"@type\":\"WebSite\",\"@id\":\"https:\/\/www.redb.info\/coches\/#website\",\"url\":\"https:\/\/www.redb.info\/coches\/\",\"name\":\"Alquiler de coches\",\"description\":\"Directorio de empresas de alquiler de autos\",\"potentialAction\":[{\"@type\":\"SearchAction\",\"target\":\"https:\/\/www.redb.info\/coches\/?s={search_term_string}\",\"query-input\":\"required name=search_term_string\"}],\"inLanguage\":\"es\"},{\"@type\":\"ImageObject\",\"@id\":\"https:\/\/www.redb.info\/coches\/avis-alquiler-de-coches-en-la-estacion-de-tren-de-albacete\/#primaryimage\",\"inLanguage\":\"es\",\"url\":\"https:\/\/www.redb.info\/coches\/imagenes\/12731983771.gif\",\"width\":145,\"height\":75},{\"@type\":\"WebPage\",\"@id\":\"https:\/\/www.redb.info\/coches\/avis-alquiler-de-coches-en-la-estacion-de-tren-de-albacete\/#webpage\",\"url\":\"https:\/\/www.redb.info\/coches\/avis-alquiler-de-coches-en-la-estacion-de-tren-de-albacete\/\",\"name\":\"Avis alquiler de coches en la Estaci\\u00f3n de tren de Albacete - Alquiler de coches\",\"isPartOf\":{\"@id\":\"https:\/\/www.redb.info\/coches\/#website\"},\"primaryImageOfPage\":{\"@id\":\"https:\/\/www.redb.info\/coches\/avis-alquiler-de-coches-en-la-estacion-de-tren-de-albacete\/#primaryimage\"},\"datePublished\":\"2010-06-06T03:19:07+00:00\",\"dateModified\":\"2014-07-31T20:29:38+00:00\",\"author\":{\"@id\":\"https:\/\/www.redb.info\/coches\/#\/schema\/person\/69349a3c035e4fec1a21354f713227f3\"},\"description\":\"Avis es una importante empresa dedicada al alquiler de coches. Dispone de una oficina en la estaci\\u00f3n de tren de Albacete. A nivel mundial Avis tiene\",\"inLanguage\":\"es\",\"potentialAction\":[{\"@type\":\"ReadAction\",\"target\":[\"https:\/\/www.redb.info\/coches\/avis-alquiler-de-coches-en-la-estacion-de-tren-de-albacete\/\"]}]},{\"@type\":\"Person\",\"@id\":\"https:\/\/www.redb.info\/coches\/#\/schema\/person\/69349a3c035e4fec1a21354f713227f3\",\"name\":\"Red B\",\"image\":{\"@type\":\"ImageObject\",\"@id\":\"https:\/\/www.redb.info\/coches\/#personlogo\",\"inLanguage\":\"es\",\"url\":\"https:\/\/secure.gravatar.com\/avatar\/f261739afa65823eb9e0884281785bff?s=96&d=mm&r=g\",\"caption\":\"Red B\"}}]}<\/script>\n<!-- \/ Yoast SEO plugin. -->","_links":{"self":[{"href":"https:\/\/www.redb.info\/coches\/wp-json\/wp\/v2\/posts\/2802"}],"collection":[{"href":"https:\/\/www.redb.info\/coches\/wp-json\/wp\/v2\/posts"}],"about":[{"href":"https:\/\/www.redb.info\/coches\/wp-json\/wp\/v2\/types\/post"}],"author":[{"embeddable":true,"href":"https:\/\/www.redb.info\/coches\/wp-json\/wp\/v2\/users\/3"}],"replies":[{"embeddable":true,"href":"https:\/\/www.redb.info\/coches\/wp-json\/wp\/v2\/comments?post=2802"}],"version-history":[{"count":0,"href":"https:\/\/www.redb.info\/coches\/wp-json\/wp\/v2\/posts\/2802\/revisions"}],"wp:featuredmedia":[{"embeddable":true,"href":"https:\/\/www.redb.info\/coches\/wp-json\/wp\/v2\/media\/13603"}],"wp:attachment":[{"href":"https:\/\/www.redb.info\/coches\/wp-json\/wp\/v2\/media?parent=2802"}],"wp:term":[{"taxonomy":"category","embeddable":true,"href":"https:\/\/www.redb.info\/coches\/wp-json\/wp\/v2\/categories?post=2802"},{"taxonomy":"post_tag","embeddable":true,"href":"https:\/\/www.redb.info\/coches\/wp-json\/wp\/v2\/tags?post=2802"}],"curies":[{"name":"wp","href":"https:\/\/api.w.org\/{rel}","templated":true}]}}