{"id":275,"date":"2010-05-06T20:52:56","date_gmt":"2010-05-06T18:52:56","guid":{"rendered":"http:\/\/redb.info\/coches\/?p=275"},"modified":"2010-05-28T19:21:40","modified_gmt":"2010-05-28T17:21:40","slug":"alquiler-de-coches-en-menorca-autospt","status":"publish","type":"post","link":"https:\/\/www.redb.info\/coches\/alquiler-de-coches-en-menorca-autospt\/","title":{"rendered":"Alquiler de coches en Menorca autospt"},"content":{"rendered":"<p>Nuestra empresa se dedica al <strong>alquiler de coches en Menorca<\/strong> desde 1972. Ofrecemos nuestro servicio en Aeropuerto y Puertos, sin cargo adicional. P\u00eddanos presupuesto sin compromiso.<\/p>\n<p><strong>Autospt<\/strong> una empresa con m\u00e1s de 20 a\u00f1os en el mercado emplazada en Menorca y dedicada al alquiler de coches sin conductor. Especialista en servicios en Aeropuerto de Menorca y Puertos, sin cargo. Cuentan con una importante flota de veh\u00edculos y modelos para satisfacer las necesidades de cada cliente, todos ellos en excelentes condiciones t\u00e9cnicas y de limpieza. Las tarifas incluyen dep\u00f3sito de combustible lleno, asistencia mec\u00e1nica durante las 24 horas y seguro contra todo riesgo sin franquicia.<\/p>\n<p>Cuentan con promociones especiales para aquellas personas que necesiten desplazarse por la isla por motivos de trabajo. Tambi\u00e9n se puede alquilar unidades en Mah\u00f3n, San Luis, Es Castell, Ciudadela, Alayor, Son Bou, Binisafuller, Cap den Font, Binibeca, Playas de Fornells, Fornell, Arenal d\u00b4en Castell, Macaret, Cala Mesquida, Canutells, Mercadal, Punta Prima, Alcaufar.<\/p>\n<p>Los veh\u00edculos incluyen una p\u00f3liza de seguro obligatorio contra terceros que cubre los da\u00f1os personales de los ocupantes del veh\u00edculo y tambi\u00e9n de terceras personas. Para mayores informes sobre tarifas, promociones y localizaciones, ingrese al sitio web de la empresa<\/p>\n<p><strong>Direcci\u00f3n y contacto<\/strong><br \/>\nCentral<br \/>\nC\/. Bijuters, 54-B (Polig. Industrial). 07720 -ES CASTELL- Islas Baleares, Espa\u00f1a<br \/>\nTel\u00e9fonos.: 971-364-881 \/ 660-29-10-10<br \/>\nFax: 971-367-265<br \/>\nP\u00e1gina web: <a href=\"http:\/\/www.autospt.com\" target=\"_blank\">www.autospt.com<\/a><br \/>\nCategor\u00eda: Alquiler de coches en Menorca<\/p>\n","protected":false},"excerpt":{"rendered":"<p>Nuestra empresa se dedica al alquiler de coches en Menorca desde 1972. Ofrecemos nuestro servicio en Aeropuerto y Puertos, sin cargo adicional. P\u00eddanos presupuesto sin compromiso. Autospt una empresa con m\u00e1s de 20 a\u00f1os en el mercado emplazada en Menorca y dedicada al alquiler de coches sin conductor. Especialista en servicios en Aeropuerto de Menorca [&hellip;]<\/p>\n","protected":false},"author":3,"featured_media":0,"comment_status":"open","ping_status":"closed","sticky":false,"template":"","format":"standard","meta":[],"categories":[1],"tags":[109,4,3,77,107],"yoast_head":"<!-- This site is optimized with the Yoast SEO plugin v15.7 - https:\/\/yoast.com\/wordpress\/plugins\/seo\/ -->\n<meta name=\"description\" content=\"Nuestra empresa se dedica al alquiler de coches en Menorca desde 1972. Ofrecemos nuestro servicio en Aeropuerto y Puertos, sin cargo adicional. P\u00eddanos\" \/>\n<meta name=\"robots\" content=\"index, follow, max-snippet:-1, max-image-preview:large, max-video-preview:-1\" \/>\n<link rel=\"canonical\" href=\"https:\/\/www.redb.info\/coches\/alquiler-de-coches-en-menorca-autospt\/\" \/>\n<meta property=\"og:locale\" content=\"es_ES\" \/>\n<meta property=\"og:type\" content=\"article\" \/>\n<meta property=\"og:title\" content=\"Alquiler de coches en Menorca autospt - Alquiler de coches\" \/>\n<meta property=\"og:description\" content=\"Nuestra empresa se dedica al alquiler de coches en Menorca desde 1972. Ofrecemos nuestro servicio en Aeropuerto y Puertos, sin cargo adicional. P\u00eddanos\" \/>\n<meta property=\"og:url\" content=\"https:\/\/www.redb.info\/coches\/alquiler-de-coches-en-menorca-autospt\/\" \/>\n<meta property=\"og:site_name\" content=\"Alquiler de coches\" \/>\n<meta property=\"article:published_time\" content=\"2010-05-06T18:52:56+00:00\" \/>\n<meta property=\"article:modified_time\" content=\"2010-05-28T17:21:40+00:00\" \/>\n<meta name=\"twitter:card\" content=\"summary\" \/>\n<meta name=\"twitter:creator\" content=\"@redb_coches\" \/>\n<meta name=\"twitter:site\" content=\"@redb_coches\" \/>\n<meta name=\"twitter:label1\" content=\"Tiempo de lectura\">\n\t<meta name=\"twitter:data1\" content=\"1 minuto\">\n<script type=\"application\/ld+json\" class=\"yoast-schema-graph\">{\"@context\":\"https:\/\/schema.org\",\"@graph\":[{\"@type\":\"WebSite\",\"@id\":\"https:\/\/www.redb.info\/coches\/#website\",\"url\":\"https:\/\/www.redb.info\/coches\/\",\"name\":\"Alquiler de coches\",\"description\":\"Directorio de empresas de alquiler de autos\",\"potentialAction\":[{\"@type\":\"SearchAction\",\"target\":\"https:\/\/www.redb.info\/coches\/?s={search_term_string}\",\"query-input\":\"required name=search_term_string\"}],\"inLanguage\":\"es\"},{\"@type\":\"WebPage\",\"@id\":\"https:\/\/www.redb.info\/coches\/alquiler-de-coches-en-menorca-autospt\/#webpage\",\"url\":\"https:\/\/www.redb.info\/coches\/alquiler-de-coches-en-menorca-autospt\/\",\"name\":\"Alquiler de coches en Menorca autospt - Alquiler de coches\",\"isPartOf\":{\"@id\":\"https:\/\/www.redb.info\/coches\/#website\"},\"datePublished\":\"2010-05-06T18:52:56+00:00\",\"dateModified\":\"2010-05-28T17:21:40+00:00\",\"author\":{\"@id\":\"https:\/\/www.redb.info\/coches\/#\/schema\/person\/69349a3c035e4fec1a21354f713227f3\"},\"description\":\"Nuestra empresa se dedica al alquiler de coches en Menorca desde 1972. Ofrecemos nuestro servicio en Aeropuerto y Puertos, sin cargo adicional. P\\u00eddanos\",\"inLanguage\":\"es\",\"potentialAction\":[{\"@type\":\"ReadAction\",\"target\":[\"https:\/\/www.redb.info\/coches\/alquiler-de-coches-en-menorca-autospt\/\"]}]},{\"@type\":\"Person\",\"@id\":\"https:\/\/www.redb.info\/coches\/#\/schema\/person\/69349a3c035e4fec1a21354f713227f3\",\"name\":\"Red B\",\"image\":{\"@type\":\"ImageObject\",\"@id\":\"https:\/\/www.redb.info\/coches\/#personlogo\",\"inLanguage\":\"es\",\"url\":\"https:\/\/secure.gravatar.com\/avatar\/f261739afa65823eb9e0884281785bff?s=96&d=mm&r=g\",\"caption\":\"Red B\"}}]}<\/script>\n<!-- \/ Yoast SEO plugin. -->","_links":{"self":[{"href":"https:\/\/www.redb.info\/coches\/wp-json\/wp\/v2\/posts\/275"}],"collection":[{"href":"https:\/\/www.redb.info\/coches\/wp-json\/wp\/v2\/posts"}],"about":[{"href":"https:\/\/www.redb.info\/coches\/wp-json\/wp\/v2\/types\/post"}],"author":[{"embeddable":true,"href":"https:\/\/www.redb.info\/coches\/wp-json\/wp\/v2\/users\/3"}],"replies":[{"embeddable":true,"href":"https:\/\/www.redb.info\/coches\/wp-json\/wp\/v2\/comments?post=275"}],"version-history":[{"count":0,"href":"https:\/\/www.redb.info\/coches\/wp-json\/wp\/v2\/posts\/275\/revisions"}],"wp:attachment":[{"href":"https:\/\/www.redb.info\/coches\/wp-json\/wp\/v2\/media?parent=275"}],"wp:term":[{"taxonomy":"category","embeddable":true,"href":"https:\/\/www.redb.info\/coches\/wp-json\/wp\/v2\/categories?post=275"},{"taxonomy":"post_tag","embeddable":true,"href":"https:\/\/www.redb.info\/coches\/wp-json\/wp\/v2\/tags?post=275"}],"curies":[{"name":"wp","href":"https:\/\/api.w.org\/{rel}","templated":true}]}}