{"id":2444,"date":"2010-05-29T01:01:24","date_gmt":"2010-05-28T23:01:24","guid":{"rendered":"https:\/\/www.redb.info\/coches\/?p=2444"},"modified":"2013-04-17T21:57:06","modified_gmt":"2013-04-17T19:57:06","slug":"autos-roig-rent-a-car","status":"publish","type":"post","link":"https:\/\/www.redb.info\/coches\/autos-roig-rent-a-car\/","title":{"rendered":"Autos Roig Rent a Car"},"content":{"rendered":"<p><a title=\"Autos Roig Rent a Car\" href=\"https:\/\/www.redb.info\/coches\/alquiler\/autos-roig-rent-a-car\/\"><img loading=\"lazy\" src=\"https:\/\/www.redb.info\/coches\/imagenes\/Roig-Rent-a-Car-150x54.png\" alt=\"Roig Rent a Car\" width=\"150\" height=\"54\" class=\"right size-thumbnail wp-image-12392\" srcset=\"https:\/\/www.redb.info\/coches\/imagenes\/Roig-Rent-a-Car-150x54.png 150w, https:\/\/www.redb.info\/coches\/imagenes\/Roig-Rent-a-Car.png 180w\" sizes=\"(max-width: 150px) 100vw, 150px\" \/><\/a><\/p>\n<p><strong><a href=\"https:\/\/www.redb.info\/coches\/alquiler\/autos-roig-rent-a-car\/\" title=\"Autos Roig Rent a Car\">Autos Roig Rent a Car<\/a><\/strong> es una empresa de <strong>alquiler de coches<\/strong> iniciada en el a\u00f1o 1953 por el mallorqu\u00edn Rafael Roig se inicio en el mercado con tan solo un Citr\u00f6en B10. En en a\u00f1o 1982 la empresa ya contaba con 80 coches. Actualmente cuentan con una completa flota de m\u00e1s de 800 unidades, adem\u00e1s de una compa\u00f1\u00eda de autocares, una de taxis; una agencia de <a href=\"http:\/\/turismo.org\">viajes<\/a> y una empresa de seguros.<\/p>\n<p>Una empresa de la localidad de Palma de Mallorca que ofrece a excelentes tarifas, coches sin conductor en alquiler. Posee una flota de unidades modernas y renovadas constantemente y de reconocidas marcas en el mercado automotriz. Las condiciones de contrataci\u00f3n son muy sencillas, requiri\u00e9ndose la edad m\u00ednima de 21 a\u00f1os para los conductores y licencia de conducir v\u00e1lida con una antig\u00fcedad de 1 a\u00f1o como m\u00ednimo.<\/p>\n<p>El per\u00edodo m\u00ednimo de alquiler es de 24 horas y ofrecen servicio de entrega y retirada en aeropuerto sin cargo, salvo que el horario sea entre las 23,00 y 7,00 hs. en cuyo caso se debe abonar un coste adicional de 37 Euros. Las tarifas son con todo incluido y ofrecen servicio en carretera durante las 24 horas.<\/p>\n<p>La oficina principal de entrega y recogida de alquiler de coches en Mallorca se encuentra en el <a href=\"http:\/\/www.aeropuertos.net\/aeropuerto-de-palma-de-mallorca\/\" target=\"_blank\">aeropuerto de Palma de Mallorca<\/a>. Puede recogerlo las 24 horas en la 4\u00aa planta del aparcamiento del terminal a\u00e9reo.<\/p>\n<p>Adem\u00e1s cuenta con otras oficinas de reserva en otros puntos de la ciudad.<\/p>\n<p><strong>Oficinas de reserva<\/strong><br \/>\nOficina Ca\u2019n Pastilla (Palma de Mallorca):<br \/>\nCam\u00ed de Ca\u2019n Pastilla, 74<br \/>\nTel\u00e9fono: 971.74.43.14<br \/>\nFax: 971.74.41.69<\/p>\n<p>Oficina Cala d\u2019Or:<br \/>\nC\/ Bienvenidos n\u00ba 64<br \/>\nTel\u00e9fono: 971.64.81.18<br \/>\nFax: 971.64.31.47<\/p>\n<p>Oficina Calas de Mallorca:<br \/>\nC\/ Romaguera, 186<br \/>\nTel\u00e9fono: 971.83.35.13<br \/>\nFax: 971.83.35.13<br \/>\nInformacion: 902 24 24 34<br \/>\nCorreo-e: <a href=\"mailto:reservas@autosroig.com\">reservas@autosroig.com<\/a><br \/>\nP\u00e1gina web: <a href=\"http:\/\/www.autosroig.com\" target=\"_blank\">www.autosroig.com<\/a><br \/>\nCategor\u00eda: Alquiler de coches en Espa\u00f1a<\/p>\n","protected":false},"excerpt":{"rendered":"<p>Autos Roig Rent a Car es una empresa de alquiler de coches iniciada en el a\u00f1o 1953 por el mallorqu\u00edn Rafael Roig se inicio en el mercado con tan solo un Citr\u00f6en B10. En en a\u00f1o 1982 la empresa ya contaba con 80 coches. Actualmente cuentan con una completa flota de m\u00e1s de 800 unidades, [&hellip;]<\/p>\n","protected":false},"author":3,"featured_media":0,"comment_status":"open","ping_status":"closed","sticky":false,"template":"","format":"standard","meta":[],"categories":[1],"tags":[4,3,74,78],"yoast_head":"<!-- This site is optimized with the Yoast SEO plugin v15.7 - https:\/\/yoast.com\/wordpress\/plugins\/seo\/ -->\n<meta name=\"description\" content=\"Autos Roig Rent a Car es una empresa de alquiler de coches iniciada en el a\u00f1o 1953 por el mallorqu\u00edn Rafael Roig se inicio en el mercado con tan solo un\" \/>\n<meta name=\"robots\" content=\"index, follow, max-snippet:-1, max-image-preview:large, max-video-preview:-1\" \/>\n<link rel=\"canonical\" href=\"https:\/\/www.redb.info\/coches\/autos-roig-rent-a-car\/\" \/>\n<meta property=\"og:locale\" content=\"es_ES\" \/>\n<meta property=\"og:type\" content=\"article\" \/>\n<meta property=\"og:title\" content=\"Autos Roig Rent a Car - Alquiler de coches\" \/>\n<meta property=\"og:description\" content=\"Autos Roig Rent a Car es una empresa de alquiler de coches iniciada en el a\u00f1o 1953 por el mallorqu\u00edn Rafael Roig se inicio en el mercado con tan solo un\" \/>\n<meta property=\"og:url\" content=\"https:\/\/www.redb.info\/coches\/autos-roig-rent-a-car\/\" \/>\n<meta property=\"og:site_name\" content=\"Alquiler de coches\" \/>\n<meta property=\"article:published_time\" content=\"2010-05-28T23:01:24+00:00\" \/>\n<meta property=\"article:modified_time\" content=\"2013-04-17T19:57:06+00:00\" \/>\n<meta property=\"og:image\" content=\"https:\/\/www.redb.info\/coches\/imagenes\/Roig-Rent-a-Car-150x54.png\" \/>\n<meta name=\"twitter:card\" content=\"summary\" \/>\n<meta name=\"twitter:creator\" content=\"@redb_coches\" \/>\n<meta name=\"twitter:site\" content=\"@redb_coches\" \/>\n<meta name=\"twitter:label1\" content=\"Tiempo de lectura\">\n\t<meta name=\"twitter:data1\" content=\"2 minutos\">\n<script type=\"application\/ld+json\" class=\"yoast-schema-graph\">{\"@context\":\"https:\/\/schema.org\",\"@graph\":[{\"@type\":\"WebSite\",\"@id\":\"https:\/\/www.redb.info\/coches\/#website\",\"url\":\"https:\/\/www.redb.info\/coches\/\",\"name\":\"Alquiler de coches\",\"description\":\"Directorio de empresas de alquiler de autos\",\"potentialAction\":[{\"@type\":\"SearchAction\",\"target\":\"https:\/\/www.redb.info\/coches\/?s={search_term_string}\",\"query-input\":\"required name=search_term_string\"}],\"inLanguage\":\"es\"},{\"@type\":\"ImageObject\",\"@id\":\"https:\/\/www.redb.info\/coches\/autos-roig-rent-a-car\/#primaryimage\",\"inLanguage\":\"es\",\"url\":\"https:\/\/www.redb.info\/coches\/imagenes\/Roig-Rent-a-Car.png\",\"width\":180,\"height\":65},{\"@type\":\"WebPage\",\"@id\":\"https:\/\/www.redb.info\/coches\/autos-roig-rent-a-car\/#webpage\",\"url\":\"https:\/\/www.redb.info\/coches\/autos-roig-rent-a-car\/\",\"name\":\"Autos Roig Rent a Car - Alquiler de coches\",\"isPartOf\":{\"@id\":\"https:\/\/www.redb.info\/coches\/#website\"},\"primaryImageOfPage\":{\"@id\":\"https:\/\/www.redb.info\/coches\/autos-roig-rent-a-car\/#primaryimage\"},\"datePublished\":\"2010-05-28T23:01:24+00:00\",\"dateModified\":\"2013-04-17T19:57:06+00:00\",\"author\":{\"@id\":\"https:\/\/www.redb.info\/coches\/#\/schema\/person\/69349a3c035e4fec1a21354f713227f3\"},\"description\":\"Autos Roig Rent a Car es una empresa de alquiler de coches iniciada en el a\\u00f1o 1953 por el mallorqu\\u00edn Rafael Roig se inicio en el mercado con tan solo un\",\"inLanguage\":\"es\",\"potentialAction\":[{\"@type\":\"ReadAction\",\"target\":[\"https:\/\/www.redb.info\/coches\/autos-roig-rent-a-car\/\"]}]},{\"@type\":\"Person\",\"@id\":\"https:\/\/www.redb.info\/coches\/#\/schema\/person\/69349a3c035e4fec1a21354f713227f3\",\"name\":\"Red B\",\"image\":{\"@type\":\"ImageObject\",\"@id\":\"https:\/\/www.redb.info\/coches\/#personlogo\",\"inLanguage\":\"es\",\"url\":\"https:\/\/secure.gravatar.com\/avatar\/f261739afa65823eb9e0884281785bff?s=96&d=mm&r=g\",\"caption\":\"Red B\"}}]}<\/script>\n<!-- \/ Yoast SEO plugin. -->","_links":{"self":[{"href":"https:\/\/www.redb.info\/coches\/wp-json\/wp\/v2\/posts\/2444"}],"collection":[{"href":"https:\/\/www.redb.info\/coches\/wp-json\/wp\/v2\/posts"}],"about":[{"href":"https:\/\/www.redb.info\/coches\/wp-json\/wp\/v2\/types\/post"}],"author":[{"embeddable":true,"href":"https:\/\/www.redb.info\/coches\/wp-json\/wp\/v2\/users\/3"}],"replies":[{"embeddable":true,"href":"https:\/\/www.redb.info\/coches\/wp-json\/wp\/v2\/comments?post=2444"}],"version-history":[{"count":0,"href":"https:\/\/www.redb.info\/coches\/wp-json\/wp\/v2\/posts\/2444\/revisions"}],"wp:attachment":[{"href":"https:\/\/www.redb.info\/coches\/wp-json\/wp\/v2\/media?parent=2444"}],"wp:term":[{"taxonomy":"category","embeddable":true,"href":"https:\/\/www.redb.info\/coches\/wp-json\/wp\/v2\/categories?post=2444"},{"taxonomy":"post_tag","embeddable":true,"href":"https:\/\/www.redb.info\/coches\/wp-json\/wp\/v2\/tags?post=2444"}],"curies":[{"name":"wp","href":"https:\/\/api.w.org\/{rel}","templated":true}]}}