{"id":2435,"date":"2010-05-29T00:40:58","date_gmt":"2010-05-28T22:40:58","guid":{"rendered":"https:\/\/www.redb.info\/coches\/?p=2435"},"modified":"2010-05-29T00:40:58","modified_gmt":"2010-05-28T22:40:58","slug":"espacar-rent-a-car","status":"publish","type":"post","link":"https:\/\/www.redb.info\/coches\/espacar-rent-a-car\/","title":{"rendered":"Espacar Rent a Car"},"content":{"rendered":"<p><strong>Espacar Rent a Car<\/strong> es una empresa de <strong>alquiler de coches<\/strong> sin conductor, en el mercado desde el a\u00f1o 1992 y que presta servicios de excelente calidad a lo largo de toda la Costa del Sol. Con tarifas muy competitivas y trato personalizado, cuentan con una flota de m\u00e1s de 300 veh\u00edculos de excelentes marcas y en perfectas condiciones de funcionamiento, todas ellas con aire acondicionado.<\/p>\n<p>Sus oficinas se encuentran abiertas durante todo el a\u00f1o y sus tarifas incluyen kilometraje ilimitado, impuestos locales y las coberturas del seguro obligatorio del autom\u00f3vil y el complementario de responsabilidad civil de las garant\u00edas por da\u00f1os frente a terceros derivados del uso y circulaci\u00f3n de veh\u00edculos.<\/p>\n<p>El veh\u00edculo alquilado solo puede circular por la Comunidad Andaluza y Gibraltar y el pago de las atrifas se efect\u00faan con tarjeta de cr\u00e9dito Visa, Mastercard, Eurocard y American Express, al momento de retirar la unidad. Se requiere una edad m\u00ednima de 25 a\u00f1os y permiso de conducir con una antig\u00fcedad de 2 a\u00f1os. Ofrecen adem\u00e1s, algunos servicios adicionales como sillas de beb\u00e9 a un coste de 9 euros por semana. las entregas en el aeropuerto en horarios nocturnos, tienen un recargo de 15 euros.<\/p>\n<p><strong>Direcci\u00f3n y contacto<\/strong><br \/>\nEspacar Rent a Car 2005, Marbella \/ Estepona, (M\u00e1laga) Espa\u00f1a.<br \/>\nTel\u00e9fono: +34 95 277 47 15 \/ +34 95 279 29 35<\/p>\n<p><strong>Marbella<\/strong><br \/>\nResidencial Casablanca, Local 3<br \/>\nBvard. Pr\u00edncipe Alfonso de Hohenlohe<br \/>\n29600 Marbella &#8211; (M\u00e1laga) Espa\u00f1a<br \/>\nTel\u00e9fono: + 34 952774715 \/ 952900384<br \/>\nTel\u00e9fono M\u00f3vil:+ 34 670 610 553<br \/>\nFax: + 34 952774801<\/p>\n<p><strong>Estepona<\/strong><br \/>\nAvda. Litoral, S\/N.<br \/>\n29680 Estepona &#8211; (M\u00e1laga) Espa\u00f1a<br \/>\nTel\u00e9fono: + 34 952792935<br \/>\nM\u00f3vil: + 34 667 710 369<br \/>\nFax: + 34 952795552<br \/>\nP\u00e1gina web: <a href=\"http:\/\/www.espacar-rentacar.com\" target=\"_blank\">www.espacar-rentacar.com<\/a><br \/>\nCategor\u00eda: Alquiler de coches en Espa\u00f1a<\/p>\n","protected":false},"excerpt":{"rendered":"<p>Espacar Rent a Car es una empresa de alquiler de coches sin conductor, en el mercado desde el a\u00f1o 1992 y que presta servicios de excelente calidad a lo largo de toda la Costa del Sol. Con tarifas muy competitivas y trato personalizado, cuentan con una flota de m\u00e1s de 300 veh\u00edculos de excelentes marcas [&hellip;]<\/p>\n","protected":false},"author":3,"featured_media":0,"comment_status":"open","ping_status":"closed","sticky":false,"template":"","format":"standard","meta":[],"categories":[1],"tags":[4,168,3,117],"yoast_head":"<!-- This site is optimized with the Yoast SEO plugin v15.7 - https:\/\/yoast.com\/wordpress\/plugins\/seo\/ -->\n<meta name=\"description\" content=\"Espacar Rent a Car es una empresa de alquiler de coches sin conductor, en el mercado desde el a\u00f1o 1992 y que presta servicios de excelente calidad a lo\" \/>\n<meta name=\"robots\" content=\"index, follow, max-snippet:-1, max-image-preview:large, max-video-preview:-1\" \/>\n<link rel=\"canonical\" href=\"https:\/\/www.redb.info\/coches\/espacar-rent-a-car\/\" \/>\n<meta property=\"og:locale\" content=\"es_ES\" \/>\n<meta property=\"og:type\" content=\"article\" \/>\n<meta property=\"og:title\" content=\"Espacar Rent a Car - Alquiler de coches\" \/>\n<meta property=\"og:description\" content=\"Espacar Rent a Car es una empresa de alquiler de coches sin conductor, en el mercado desde el a\u00f1o 1992 y que presta servicios de excelente calidad a lo\" \/>\n<meta property=\"og:url\" content=\"https:\/\/www.redb.info\/coches\/espacar-rent-a-car\/\" \/>\n<meta property=\"og:site_name\" content=\"Alquiler de coches\" \/>\n<meta property=\"article:published_time\" content=\"2010-05-28T22:40:58+00:00\" \/>\n<meta name=\"twitter:card\" content=\"summary\" \/>\n<meta name=\"twitter:creator\" content=\"@redb_coches\" \/>\n<meta name=\"twitter:site\" content=\"@redb_coches\" \/>\n<meta name=\"twitter:label1\" content=\"Tiempo de lectura\">\n\t<meta name=\"twitter:data1\" content=\"1 minuto\">\n<script type=\"application\/ld+json\" class=\"yoast-schema-graph\">{\"@context\":\"https:\/\/schema.org\",\"@graph\":[{\"@type\":\"WebSite\",\"@id\":\"https:\/\/www.redb.info\/coches\/#website\",\"url\":\"https:\/\/www.redb.info\/coches\/\",\"name\":\"Alquiler de coches\",\"description\":\"Directorio de empresas de alquiler de autos\",\"potentialAction\":[{\"@type\":\"SearchAction\",\"target\":\"https:\/\/www.redb.info\/coches\/?s={search_term_string}\",\"query-input\":\"required name=search_term_string\"}],\"inLanguage\":\"es\"},{\"@type\":\"WebPage\",\"@id\":\"https:\/\/www.redb.info\/coches\/espacar-rent-a-car\/#webpage\",\"url\":\"https:\/\/www.redb.info\/coches\/espacar-rent-a-car\/\",\"name\":\"Espacar Rent a Car - Alquiler de coches\",\"isPartOf\":{\"@id\":\"https:\/\/www.redb.info\/coches\/#website\"},\"datePublished\":\"2010-05-28T22:40:58+00:00\",\"dateModified\":\"2010-05-28T22:40:58+00:00\",\"author\":{\"@id\":\"https:\/\/www.redb.info\/coches\/#\/schema\/person\/69349a3c035e4fec1a21354f713227f3\"},\"description\":\"Espacar Rent a Car es una empresa de alquiler de coches sin conductor, en el mercado desde el a\\u00f1o 1992 y que presta servicios de excelente calidad a lo\",\"inLanguage\":\"es\",\"potentialAction\":[{\"@type\":\"ReadAction\",\"target\":[\"https:\/\/www.redb.info\/coches\/espacar-rent-a-car\/\"]}]},{\"@type\":\"Person\",\"@id\":\"https:\/\/www.redb.info\/coches\/#\/schema\/person\/69349a3c035e4fec1a21354f713227f3\",\"name\":\"Red B\",\"image\":{\"@type\":\"ImageObject\",\"@id\":\"https:\/\/www.redb.info\/coches\/#personlogo\",\"inLanguage\":\"es\",\"url\":\"https:\/\/secure.gravatar.com\/avatar\/f261739afa65823eb9e0884281785bff?s=96&d=mm&r=g\",\"caption\":\"Red B\"}}]}<\/script>\n<!-- \/ Yoast SEO plugin. -->","_links":{"self":[{"href":"https:\/\/www.redb.info\/coches\/wp-json\/wp\/v2\/posts\/2435"}],"collection":[{"href":"https:\/\/www.redb.info\/coches\/wp-json\/wp\/v2\/posts"}],"about":[{"href":"https:\/\/www.redb.info\/coches\/wp-json\/wp\/v2\/types\/post"}],"author":[{"embeddable":true,"href":"https:\/\/www.redb.info\/coches\/wp-json\/wp\/v2\/users\/3"}],"replies":[{"embeddable":true,"href":"https:\/\/www.redb.info\/coches\/wp-json\/wp\/v2\/comments?post=2435"}],"version-history":[{"count":0,"href":"https:\/\/www.redb.info\/coches\/wp-json\/wp\/v2\/posts\/2435\/revisions"}],"wp:attachment":[{"href":"https:\/\/www.redb.info\/coches\/wp-json\/wp\/v2\/media?parent=2435"}],"wp:term":[{"taxonomy":"category","embeddable":true,"href":"https:\/\/www.redb.info\/coches\/wp-json\/wp\/v2\/categories?post=2435"},{"taxonomy":"post_tag","embeddable":true,"href":"https:\/\/www.redb.info\/coches\/wp-json\/wp\/v2\/tags?post=2435"}],"curies":[{"name":"wp","href":"https:\/\/api.w.org\/{rel}","templated":true}]}}