{"id":2230,"date":"2010-05-27T18:25:28","date_gmt":"2010-05-27T16:25:28","guid":{"rendered":"http:\/\/redb.info\/coches\/?p=2230"},"modified":"2010-05-27T18:25:48","modified_gmt":"2010-05-27T16:25:48","slug":"camanchaca-alquiler-de-coches-en-tenerife","status":"publish","type":"post","link":"https:\/\/www.redb.info\/coches\/camanchaca-alquiler-de-coches-en-tenerife\/","title":{"rendered":"Camanchaca alquiler de coches en Tenerife"},"content":{"rendered":"<p>Compa\u00f1\u00eda de alquiler de coches con oficinas en San Eugenio y Playa de las Americas.<\/p>\n<p><strong>Direcci\u00f3n y contacto<\/strong><br \/>\nP\u00e1gina web: www.camanchaca.com (enlace inv\u00e1lido)<br \/>\nCategor\u00eda: Alquiler de coches en Tenerife<\/p>\n","protected":false},"excerpt":{"rendered":"<p>Compa\u00f1\u00eda de alquiler de coches con oficinas en San Eugenio y Playa de las Americas. Direcci\u00f3n y contacto P\u00e1gina web: www.camanchaca.com (enlace inv\u00e1lido) Categor\u00eda: Alquiler de coches en Tenerife<\/p>\n","protected":false},"author":3,"featured_media":0,"comment_status":"open","ping_status":"closed","sticky":false,"template":"","format":"standard","meta":[],"categories":[1],"tags":[4,3,58,63],"yoast_head":"<!-- This site is optimized with the Yoast SEO plugin v15.7 - https:\/\/yoast.com\/wordpress\/plugins\/seo\/ -->\n<meta name=\"description\" content=\"Compa\u00f1\u00eda de alquiler de coches con oficinas en San Eugenio y Playa de las Americas. Direcci\u00f3n y contacto P\u00e1gina web: www.camanchaca.com (enlace inv\u00e1lido)\" \/>\n<meta name=\"robots\" content=\"index, follow, max-snippet:-1, max-image-preview:large, max-video-preview:-1\" \/>\n<link rel=\"canonical\" href=\"https:\/\/www.redb.info\/coches\/camanchaca-alquiler-de-coches-en-tenerife\/\" \/>\n<meta property=\"og:locale\" content=\"es_ES\" \/>\n<meta property=\"og:type\" content=\"article\" \/>\n<meta property=\"og:title\" content=\"Camanchaca alquiler de coches en Tenerife - Alquiler de coches\" \/>\n<meta property=\"og:description\" content=\"Compa\u00f1\u00eda de alquiler de coches con oficinas en San Eugenio y Playa de las Americas. Direcci\u00f3n y contacto P\u00e1gina web: www.camanchaca.com (enlace inv\u00e1lido)\" \/>\n<meta property=\"og:url\" content=\"https:\/\/www.redb.info\/coches\/camanchaca-alquiler-de-coches-en-tenerife\/\" \/>\n<meta property=\"og:site_name\" content=\"Alquiler de coches\" \/>\n<meta property=\"article:published_time\" content=\"2010-05-27T16:25:28+00:00\" \/>\n<meta property=\"article:modified_time\" content=\"2010-05-27T16:25:48+00:00\" \/>\n<meta name=\"twitter:card\" content=\"summary\" \/>\n<meta name=\"twitter:creator\" content=\"@redb_coches\" \/>\n<meta name=\"twitter:site\" content=\"@redb_coches\" \/>\n<script type=\"application\/ld+json\" class=\"yoast-schema-graph\">{\"@context\":\"https:\/\/schema.org\",\"@graph\":[{\"@type\":\"WebSite\",\"@id\":\"https:\/\/www.redb.info\/coches\/#website\",\"url\":\"https:\/\/www.redb.info\/coches\/\",\"name\":\"Alquiler de coches\",\"description\":\"Directorio de empresas de alquiler de autos\",\"potentialAction\":[{\"@type\":\"SearchAction\",\"target\":\"https:\/\/www.redb.info\/coches\/?s={search_term_string}\",\"query-input\":\"required name=search_term_string\"}],\"inLanguage\":\"es\"},{\"@type\":\"WebPage\",\"@id\":\"https:\/\/www.redb.info\/coches\/camanchaca-alquiler-de-coches-en-tenerife\/#webpage\",\"url\":\"https:\/\/www.redb.info\/coches\/camanchaca-alquiler-de-coches-en-tenerife\/\",\"name\":\"Camanchaca alquiler de coches en Tenerife - Alquiler de coches\",\"isPartOf\":{\"@id\":\"https:\/\/www.redb.info\/coches\/#website\"},\"datePublished\":\"2010-05-27T16:25:28+00:00\",\"dateModified\":\"2010-05-27T16:25:48+00:00\",\"author\":{\"@id\":\"https:\/\/www.redb.info\/coches\/#\/schema\/person\/69349a3c035e4fec1a21354f713227f3\"},\"description\":\"Compa\\u00f1\\u00eda de alquiler de coches con oficinas en San Eugenio y Playa de las Americas. Direcci\\u00f3n y contacto P\\u00e1gina web: www.camanchaca.com (enlace inv\\u00e1lido)\",\"inLanguage\":\"es\",\"potentialAction\":[{\"@type\":\"ReadAction\",\"target\":[\"https:\/\/www.redb.info\/coches\/camanchaca-alquiler-de-coches-en-tenerife\/\"]}]},{\"@type\":\"Person\",\"@id\":\"https:\/\/www.redb.info\/coches\/#\/schema\/person\/69349a3c035e4fec1a21354f713227f3\",\"name\":\"Red B\",\"image\":{\"@type\":\"ImageObject\",\"@id\":\"https:\/\/www.redb.info\/coches\/#personlogo\",\"inLanguage\":\"es\",\"url\":\"https:\/\/secure.gravatar.com\/avatar\/f261739afa65823eb9e0884281785bff?s=96&d=mm&r=g\",\"caption\":\"Red B\"}}]}<\/script>\n<!-- \/ Yoast SEO plugin. -->","_links":{"self":[{"href":"https:\/\/www.redb.info\/coches\/wp-json\/wp\/v2\/posts\/2230"}],"collection":[{"href":"https:\/\/www.redb.info\/coches\/wp-json\/wp\/v2\/posts"}],"about":[{"href":"https:\/\/www.redb.info\/coches\/wp-json\/wp\/v2\/types\/post"}],"author":[{"embeddable":true,"href":"https:\/\/www.redb.info\/coches\/wp-json\/wp\/v2\/users\/3"}],"replies":[{"embeddable":true,"href":"https:\/\/www.redb.info\/coches\/wp-json\/wp\/v2\/comments?post=2230"}],"version-history":[{"count":0,"href":"https:\/\/www.redb.info\/coches\/wp-json\/wp\/v2\/posts\/2230\/revisions"}],"wp:attachment":[{"href":"https:\/\/www.redb.info\/coches\/wp-json\/wp\/v2\/media?parent=2230"}],"wp:term":[{"taxonomy":"category","embeddable":true,"href":"https:\/\/www.redb.info\/coches\/wp-json\/wp\/v2\/categories?post=2230"},{"taxonomy":"post_tag","embeddable":true,"href":"https:\/\/www.redb.info\/coches\/wp-json\/wp\/v2\/tags?post=2230"}],"curies":[{"name":"wp","href":"https:\/\/api.w.org\/{rel}","templated":true}]}}