{"id":1492,"date":"2010-05-27T17:55:55","date_gmt":"2010-05-27T15:55:55","guid":{"rendered":"http:\/\/redb.info\/coches\/?p=1492"},"modified":"2014-08-15T00:25:29","modified_gmt":"2014-08-14T22:25:29","slug":"avis-alquiler-de-coches-en-milan","status":"publish","type":"post","link":"https:\/\/www.redb.info\/coches\/avis-alquiler-de-coches-en-milan\/","title":{"rendered":"Avis alquiler de coches en Mil\u00e1n"},"content":{"rendered":"<p><a href=\"https:\/\/www.redb.info\/coches\/alquiler\/avis\/\"><img src=\"https:\/\/img.redb.info\/up\/1273198377.gif\" class=\"right\" alt=\"Avis\" \/><\/a><strong>Avis<\/strong>, dedicada al <strong>alquiler de coches<\/strong>; tiene una oficina en la V\u00eda Bertini; donde encontrar\u00e1s el auto que estas buscando, ya que cuenta con una flota de veh\u00edculos variada, desde los m\u00e1s peque\u00f1os hasta lo m\u00e1s grandes.<\/p>\n<p>Adem\u00e1s cuentas con servicios extras; como el de asistencia en la carretera, asientos para bebes, portaesqu\u00edes y cadenas. Para mayor informaci\u00f3n, sobre alquiler de autos , llamar a la la oficina de Avis o ingresar a su p\u00e1gina web.<\/p>\n","protected":false},"excerpt":{"rendered":"<p>Avis, dedicada al alquiler de coches; tiene una oficina en la V\u00eda Bertini; donde encontrar\u00e1s el auto que estas buscando, ya que cuenta con una flota de veh\u00edculos variada, desde los m\u00e1s peque\u00f1os hasta lo m\u00e1s grandes. Adem\u00e1s cuentas con servicios extras; como el de asistencia en la carretera, asientos para bebes, portaesqu\u00edes y cadenas. [&hellip;]<\/p>\n","protected":false},"author":3,"featured_media":13603,"comment_status":"open","ping_status":"closed","sticky":false,"template":"","format":"standard","meta":[],"categories":[1],"tags":[18,377,3,30,316],"yoast_head":"<!-- This site is optimized with the Yoast SEO plugin v15.7 - https:\/\/yoast.com\/wordpress\/plugins\/seo\/ -->\n<meta name=\"description\" content=\"Avis, dedicada al alquiler de coches; tiene una oficina en la V\u00eda Bertini; donde encontrar\u00e1s el auto que estas buscando, ya que cuenta con una flota de\" \/>\n<meta name=\"robots\" content=\"index, follow, max-snippet:-1, max-image-preview:large, max-video-preview:-1\" \/>\n<link rel=\"canonical\" href=\"https:\/\/www.redb.info\/coches\/avis-alquiler-de-coches-en-milan\/\" \/>\n<meta property=\"og:locale\" content=\"es_ES\" \/>\n<meta property=\"og:type\" content=\"article\" \/>\n<meta property=\"og:title\" content=\"Avis alquiler de coches en Mil\u00e1n - Alquiler de coches\" \/>\n<meta property=\"og:description\" content=\"Avis, dedicada al alquiler de coches; tiene una oficina en la V\u00eda Bertini; donde encontrar\u00e1s el auto que estas buscando, ya que cuenta con una flota de\" \/>\n<meta property=\"og:url\" content=\"https:\/\/www.redb.info\/coches\/avis-alquiler-de-coches-en-milan\/\" \/>\n<meta property=\"og:site_name\" content=\"Alquiler de coches\" \/>\n<meta property=\"article:published_time\" content=\"2010-05-27T15:55:55+00:00\" \/>\n<meta property=\"article:modified_time\" content=\"2014-08-14T22:25:29+00:00\" \/>\n<meta property=\"og:image\" content=\"https:\/\/www.redb.info\/coches\/imagenes\/12731983771.gif\" \/>\n\t<meta property=\"og:image:width\" content=\"145\" \/>\n\t<meta property=\"og:image:height\" content=\"75\" \/>\n<meta name=\"twitter:card\" content=\"summary\" \/>\n<meta name=\"twitter:creator\" content=\"@redb_coches\" \/>\n<meta name=\"twitter:site\" content=\"@redb_coches\" \/>\n<script type=\"application\/ld+json\" class=\"yoast-schema-graph\">{\"@context\":\"https:\/\/schema.org\",\"@graph\":[{\"@type\":\"WebSite\",\"@id\":\"https:\/\/www.redb.info\/coches\/#website\",\"url\":\"https:\/\/www.redb.info\/coches\/\",\"name\":\"Alquiler de coches\",\"description\":\"Directorio de empresas de alquiler de autos\",\"potentialAction\":[{\"@type\":\"SearchAction\",\"target\":\"https:\/\/www.redb.info\/coches\/?s={search_term_string}\",\"query-input\":\"required name=search_term_string\"}],\"inLanguage\":\"es\"},{\"@type\":\"ImageObject\",\"@id\":\"https:\/\/www.redb.info\/coches\/avis-alquiler-de-coches-en-milan\/#primaryimage\",\"inLanguage\":\"es\",\"url\":\"https:\/\/www.redb.info\/coches\/imagenes\/12731983771.gif\",\"width\":145,\"height\":75},{\"@type\":\"WebPage\",\"@id\":\"https:\/\/www.redb.info\/coches\/avis-alquiler-de-coches-en-milan\/#webpage\",\"url\":\"https:\/\/www.redb.info\/coches\/avis-alquiler-de-coches-en-milan\/\",\"name\":\"Avis alquiler de coches en Mil\\u00e1n - Alquiler de coches\",\"isPartOf\":{\"@id\":\"https:\/\/www.redb.info\/coches\/#website\"},\"primaryImageOfPage\":{\"@id\":\"https:\/\/www.redb.info\/coches\/avis-alquiler-de-coches-en-milan\/#primaryimage\"},\"datePublished\":\"2010-05-27T15:55:55+00:00\",\"dateModified\":\"2014-08-14T22:25:29+00:00\",\"author\":{\"@id\":\"https:\/\/www.redb.info\/coches\/#\/schema\/person\/69349a3c035e4fec1a21354f713227f3\"},\"description\":\"Avis, dedicada al alquiler de coches; tiene una oficina en la V\\u00eda Bertini; donde encontrar\\u00e1s el auto que estas buscando, ya que cuenta con una flota de\",\"inLanguage\":\"es\",\"potentialAction\":[{\"@type\":\"ReadAction\",\"target\":[\"https:\/\/www.redb.info\/coches\/avis-alquiler-de-coches-en-milan\/\"]}]},{\"@type\":\"Person\",\"@id\":\"https:\/\/www.redb.info\/coches\/#\/schema\/person\/69349a3c035e4fec1a21354f713227f3\",\"name\":\"Red B\",\"image\":{\"@type\":\"ImageObject\",\"@id\":\"https:\/\/www.redb.info\/coches\/#personlogo\",\"inLanguage\":\"es\",\"url\":\"https:\/\/secure.gravatar.com\/avatar\/f261739afa65823eb9e0884281785bff?s=96&d=mm&r=g\",\"caption\":\"Red B\"}}]}<\/script>\n<!-- \/ Yoast SEO plugin. -->","_links":{"self":[{"href":"https:\/\/www.redb.info\/coches\/wp-json\/wp\/v2\/posts\/1492"}],"collection":[{"href":"https:\/\/www.redb.info\/coches\/wp-json\/wp\/v2\/posts"}],"about":[{"href":"https:\/\/www.redb.info\/coches\/wp-json\/wp\/v2\/types\/post"}],"author":[{"embeddable":true,"href":"https:\/\/www.redb.info\/coches\/wp-json\/wp\/v2\/users\/3"}],"replies":[{"embeddable":true,"href":"https:\/\/www.redb.info\/coches\/wp-json\/wp\/v2\/comments?post=1492"}],"version-history":[{"count":0,"href":"https:\/\/www.redb.info\/coches\/wp-json\/wp\/v2\/posts\/1492\/revisions"}],"wp:featuredmedia":[{"embeddable":true,"href":"https:\/\/www.redb.info\/coches\/wp-json\/wp\/v2\/media\/13603"}],"wp:attachment":[{"href":"https:\/\/www.redb.info\/coches\/wp-json\/wp\/v2\/media?parent=1492"}],"wp:term":[{"taxonomy":"category","embeddable":true,"href":"https:\/\/www.redb.info\/coches\/wp-json\/wp\/v2\/categories?post=1492"},{"taxonomy":"post_tag","embeddable":true,"href":"https:\/\/www.redb.info\/coches\/wp-json\/wp\/v2\/tags?post=1492"}],"curies":[{"name":"wp","href":"https:\/\/api.w.org\/{rel}","templated":true}]}}