{"id":141,"date":"2010-05-06T00:56:16","date_gmt":"2010-05-05T22:56:16","guid":{"rendered":"http:\/\/redb.info\/coches\/?p=141"},"modified":"2021-10-20T13:00:06","modified_gmt":"2021-10-20T18:00:06","slug":"avis-alquiler-de-coches-en-el-aeropuerto-de-sevilla","status":"publish","type":"post","link":"https:\/\/www.redb.info\/coches\/avis-alquiler-de-coches-en-el-aeropuerto-de-sevilla\/","title":{"rendered":"Avis alquiler de coches en el Aeropuerto de Sevilla"},"content":{"rendered":"<p>Las oficinas de <strong>Avis en el Aeropuerto de Sevilla<\/strong> se encuentran dentro del edificio de la <strong>terminal del aeropuerto de Sevilla<\/strong>, no tendr\u00e1s problemas para ubicarlas pues est\u00e1n muy bien se\u00f1alizadas.<\/p>\n<p>En Avis podr\u00e1s encontrar la m\u00e1s amplia <strong>variedad en veh\u00edculos<\/strong> divididos en categor\u00edas de peque\u00f1os medianos y grandes para que elijas la mejor opci\u00f3n para tus vacaciones o viajes de negocios.<\/p>\n<h2> <i class=\"i-margin icon-car\" ><\/i> Modelos de coches <\/h2>\n<li>Fiat 500<\/li>\n<li>Autos medianos y autom\u00e1ticos<\/li>\n<li>Audis<\/li>\n<li>BMWs deportivos<\/li>\n<li>Divertidos minis<\/li>\n<li>Minifurgonetas Mercedes<\/li>\n<li>Furgonetas<\/li>\n<h2><i class=\"i-margin icon-suitcase\" ><\/i> M\u00e9todo de trabajo <\/h2>\n<p>Avis actualmente opera en m\u00e1s de 125 localidades por toda Europa y en 21 de las localidades m\u00e1s importantes de Reino Unido. El <strong>m\u00e9todo Devoluci\u00f3n R\u00e1pida<\/strong> permite devolver su coche en unos sesenta segundos. Esto es posible porque un representante de Avis usar\u00e1 un aparato para leer un c\u00f3digo de barras en el veh\u00edculo y obtendr\u00e1 toda la informaci\u00f3n sobre el estado de su alquiler. Una vez que el recibo haya salido no habr\u00e1 ning\u00fan cargo m\u00e1s y ese ser\u00e1 el precio final de su alquiler.<\/p>\n<p><strong>Servicios<\/strong><br \/>\n\n<ul class=\"icons\" >\n<li><i class=\"icon-caret-right\" style=\"color: maroon;\"><\/i> Devoluci\u00f3n fuera del horario de apertura<\/li>\n<li><i class=\"icon-caret-right\" style=\"color: maroon;\"><\/i> Asistencia en carretera<\/li>\n<\/ul>\n<\/p>\n<h3><i class=\"i-margin icon-edit\"><\/i>Servicios adicionales<\/h3>\n\n<ul class=\"icons\" >\n<li><i class=\"icon-check\" style=\"color: green;\"><\/i> Asientos para bebes<\/li>\n<li><i class=\"icon-check\" style=\"color: green;\"><\/i> Sistema de Navegaci\u00f3n<\/li>\n<li><i class=\"icon-check\" style=\"color: green;\"><\/i> Cadenas<\/li>\n<li><i class=\"icon-check\" style=\"color: green;\"><\/i> Categor\u00eda: Alquiler de coches en Sevilla<\/li>\n<\/ul>\n\n","protected":false},"excerpt":{"rendered":"<p>Las oficinas de Avis en el Aeropuerto de Sevilla se encuentran dentro del edificio de la terminal del aeropuerto de Sevilla, no tendr\u00e1s problemas para ubicarlas pues est\u00e1n muy bien se\u00f1alizadas. En Avis podr\u00e1s encontrar la m\u00e1s amplia variedad en veh\u00edculos divididos en categor\u00edas de peque\u00f1os medianos y grandes para que elijas la mejor opci\u00f3n [&hellip;]<\/p>\n","protected":false},"author":3,"featured_media":17087,"comment_status":"open","ping_status":"closed","sticky":false,"template":"","format":"standard","meta":[],"categories":[1],"tags":[7,18,55,4,3,5],"yoast_head":"<!-- This site is optimized with the Yoast SEO plugin v15.7 - https:\/\/yoast.com\/wordpress\/plugins\/seo\/ -->\n<meta name=\"description\" content=\"Las oficinas de Avis en el Aeropuerto de Sevilla se encuentran dentro del edificio de la terminal del aeropuerto de Sevilla, no tendr\u00e1s problemas para\" \/>\n<meta name=\"robots\" content=\"index, follow, max-snippet:-1, max-image-preview:large, max-video-preview:-1\" \/>\n<link rel=\"canonical\" href=\"https:\/\/www.redb.info\/coches\/avis-alquiler-de-coches-en-el-aeropuerto-de-sevilla\/\" \/>\n<meta property=\"og:locale\" content=\"es_ES\" \/>\n<meta property=\"og:type\" content=\"article\" \/>\n<meta property=\"og:title\" content=\"Avis alquiler de coches en el Aeropuerto de Sevilla - Alquiler de coches\" \/>\n<meta property=\"og:description\" content=\"Las oficinas de Avis en el Aeropuerto de Sevilla se encuentran dentro del edificio de la terminal del aeropuerto de Sevilla, no tendr\u00e1s problemas para\" \/>\n<meta property=\"og:url\" content=\"https:\/\/www.redb.info\/coches\/avis-alquiler-de-coches-en-el-aeropuerto-de-sevilla\/\" \/>\n<meta property=\"og:site_name\" content=\"Alquiler de coches\" \/>\n<meta property=\"article:published_time\" content=\"2010-05-05T22:56:16+00:00\" \/>\n<meta property=\"article:modified_time\" content=\"2021-10-20T18:00:06+00:00\" \/>\n<meta property=\"og:image\" content=\"https:\/\/www.redb.info\/coches\/imagenes\/Avis-.jpg\" \/>\n\t<meta property=\"og:image:width\" content=\"1200\" \/>\n\t<meta property=\"og:image:height\" content=\"630\" \/>\n<meta name=\"twitter:card\" content=\"summary\" \/>\n<meta name=\"twitter:creator\" content=\"@redb_coches\" \/>\n<meta name=\"twitter:site\" content=\"@redb_coches\" \/>\n<meta name=\"twitter:label1\" content=\"Tiempo de lectura\">\n\t<meta name=\"twitter:data1\" content=\"1 minuto\">\n<script type=\"application\/ld+json\" class=\"yoast-schema-graph\">{\"@context\":\"https:\/\/schema.org\",\"@graph\":[{\"@type\":\"WebSite\",\"@id\":\"https:\/\/www.redb.info\/coches\/#website\",\"url\":\"https:\/\/www.redb.info\/coches\/\",\"name\":\"Alquiler de coches\",\"description\":\"Directorio de empresas de alquiler de autos\",\"potentialAction\":[{\"@type\":\"SearchAction\",\"target\":\"https:\/\/www.redb.info\/coches\/?s={search_term_string}\",\"query-input\":\"required name=search_term_string\"}],\"inLanguage\":\"es\"},{\"@type\":\"ImageObject\",\"@id\":\"https:\/\/www.redb.info\/coches\/avis-alquiler-de-coches-en-el-aeropuerto-de-sevilla\/#primaryimage\",\"inLanguage\":\"es\",\"url\":\"https:\/\/www.redb.info\/coches\/imagenes\/Avis-.jpg\",\"width\":1200,\"height\":630,\"caption\":\"Avis\"},{\"@type\":\"WebPage\",\"@id\":\"https:\/\/www.redb.info\/coches\/avis-alquiler-de-coches-en-el-aeropuerto-de-sevilla\/#webpage\",\"url\":\"https:\/\/www.redb.info\/coches\/avis-alquiler-de-coches-en-el-aeropuerto-de-sevilla\/\",\"name\":\"Avis alquiler de coches en el Aeropuerto de Sevilla - Alquiler de coches\",\"isPartOf\":{\"@id\":\"https:\/\/www.redb.info\/coches\/#website\"},\"primaryImageOfPage\":{\"@id\":\"https:\/\/www.redb.info\/coches\/avis-alquiler-de-coches-en-el-aeropuerto-de-sevilla\/#primaryimage\"},\"datePublished\":\"2010-05-05T22:56:16+00:00\",\"dateModified\":\"2021-10-20T18:00:06+00:00\",\"author\":{\"@id\":\"https:\/\/www.redb.info\/coches\/#\/schema\/person\/69349a3c035e4fec1a21354f713227f3\"},\"description\":\"Las oficinas de Avis en el Aeropuerto de Sevilla se encuentran dentro del edificio de la terminal del aeropuerto de Sevilla, no tendr\\u00e1s problemas para\",\"inLanguage\":\"es\",\"potentialAction\":[{\"@type\":\"ReadAction\",\"target\":[\"https:\/\/www.redb.info\/coches\/avis-alquiler-de-coches-en-el-aeropuerto-de-sevilla\/\"]}]},{\"@type\":\"Person\",\"@id\":\"https:\/\/www.redb.info\/coches\/#\/schema\/person\/69349a3c035e4fec1a21354f713227f3\",\"name\":\"Red B\",\"image\":{\"@type\":\"ImageObject\",\"@id\":\"https:\/\/www.redb.info\/coches\/#personlogo\",\"inLanguage\":\"es\",\"url\":\"https:\/\/secure.gravatar.com\/avatar\/f261739afa65823eb9e0884281785bff?s=96&d=mm&r=g\",\"caption\":\"Red B\"}}]}<\/script>\n<!-- \/ Yoast SEO plugin. -->","_links":{"self":[{"href":"https:\/\/www.redb.info\/coches\/wp-json\/wp\/v2\/posts\/141"}],"collection":[{"href":"https:\/\/www.redb.info\/coches\/wp-json\/wp\/v2\/posts"}],"about":[{"href":"https:\/\/www.redb.info\/coches\/wp-json\/wp\/v2\/types\/post"}],"author":[{"embeddable":true,"href":"https:\/\/www.redb.info\/coches\/wp-json\/wp\/v2\/users\/3"}],"replies":[{"embeddable":true,"href":"https:\/\/www.redb.info\/coches\/wp-json\/wp\/v2\/comments?post=141"}],"version-history":[{"count":0,"href":"https:\/\/www.redb.info\/coches\/wp-json\/wp\/v2\/posts\/141\/revisions"}],"wp:featuredmedia":[{"embeddable":true,"href":"https:\/\/www.redb.info\/coches\/wp-json\/wp\/v2\/media\/17087"}],"wp:attachment":[{"href":"https:\/\/www.redb.info\/coches\/wp-json\/wp\/v2\/media?parent=141"}],"wp:term":[{"taxonomy":"category","embeddable":true,"href":"https:\/\/www.redb.info\/coches\/wp-json\/wp\/v2\/categories?post=141"},{"taxonomy":"post_tag","embeddable":true,"href":"https:\/\/www.redb.info\/coches\/wp-json\/wp\/v2\/tags?post=141"}],"curies":[{"name":"wp","href":"https:\/\/api.w.org\/{rel}","templated":true}]}}