{"id":13,"date":"2010-05-05T20:21:00","date_gmt":"2010-05-05T18:21:00","guid":{"rendered":"http:\/\/redb.info\/coches\/?p=13"},"modified":"2014-08-07T22:40:50","modified_gmt":"2014-08-07T20:40:50","slug":"alquiler-de-coches-en-prior-velho-portugal","status":"publish","type":"post","link":"https:\/\/www.redb.info\/coches\/alquiler-de-coches-en-prior-velho-portugal\/","title":{"rendered":"Alquiler de coches en Prior Velho, Portugal"},"content":{"rendered":"<p><a title=\"Europcar\" href=\"https:\/\/www.redb.info\/coches\/alquiler\/europcar\/\"><img src=\"https:\/\/img.redb.info\/up\/1280424798.gif\" alt=\"Europcar\" class=\"right\" \/><\/a>Las oficinas de <strong>Europcar<\/strong>, servicio de alquiler de veh\u00edculos, se encuentra en las grandes ciudades, aeropuertos principales y estaciones de tren; cuentan con veh\u00edculos que ayudan a preservar el medio ambiente.<\/p>\n<p>Una de sus tantas oficinas se encuentra en <strong>Prior Velho<\/strong>, Lisboa, podr\u00e1s acceder a su servicio de <strong>alquiler de autos<\/strong>, encontrar\u00e1s desde los autos peque\u00f1os hasta los m\u00e1s grandes, la elecci\u00f3n del veh\u00edculo depender\u00e1 del gusto y necesidad del cliente.<\/p>\n<p>Puedes alquilar los coches de Europcar, llamando a sus oficinas o en su p\u00e1gina web, mediante el servicio online; el servicio online es sumamente seguro.<\/p>\n","protected":false},"excerpt":{"rendered":"<p>Las oficinas de Europcar, servicio de alquiler de veh\u00edculos, se encuentra en las grandes ciudades, aeropuertos principales y estaciones de tren; cuentan con veh\u00edculos que ayudan a preservar el medio ambiente. Una de sus tantas oficinas se encuentra en Prior Velho, Lisboa, podr\u00e1s acceder a su servicio de alquiler de autos, encontrar\u00e1s desde los autos [&hellip;]<\/p>\n","protected":false},"author":3,"featured_media":13644,"comment_status":"open","ping_status":"closed","sticky":false,"template":"","format":"standard","meta":[],"categories":[1],"tags":[3,8,10,11],"yoast_head":"<!-- This site is optimized with the Yoast SEO plugin v15.7 - https:\/\/yoast.com\/wordpress\/plugins\/seo\/ -->\n<meta name=\"description\" content=\"Las oficinas de Europcar, servicio de alquiler de veh\u00edculos, se encuentra en las grandes ciudades, aeropuertos principales y estaciones de tren; cuentan\" \/>\n<meta name=\"robots\" content=\"index, follow, max-snippet:-1, max-image-preview:large, max-video-preview:-1\" \/>\n<link rel=\"canonical\" href=\"https:\/\/www.redb.info\/coches\/alquiler-de-coches-en-prior-velho-portugal\/\" \/>\n<meta property=\"og:locale\" content=\"es_ES\" \/>\n<meta property=\"og:type\" content=\"article\" \/>\n<meta property=\"og:title\" content=\"Alquiler de coches en Prior Velho, Portugal - Alquiler de coches\" \/>\n<meta property=\"og:description\" content=\"Las oficinas de Europcar, servicio de alquiler de veh\u00edculos, se encuentra en las grandes ciudades, aeropuertos principales y estaciones de tren; cuentan\" \/>\n<meta property=\"og:url\" content=\"https:\/\/www.redb.info\/coches\/alquiler-de-coches-en-prior-velho-portugal\/\" \/>\n<meta property=\"og:site_name\" content=\"Alquiler de coches\" \/>\n<meta property=\"article:published_time\" content=\"2010-05-05T18:21:00+00:00\" \/>\n<meta property=\"article:modified_time\" content=\"2014-08-07T20:40:50+00:00\" \/>\n<meta property=\"og:image\" content=\"https:\/\/www.redb.info\/coches\/imagenes\/europcar1.jpg\" \/>\n\t<meta property=\"og:image:width\" content=\"140\" \/>\n\t<meta property=\"og:image:height\" content=\"57\" \/>\n<meta name=\"twitter:card\" content=\"summary\" \/>\n<meta name=\"twitter:creator\" content=\"@redb_coches\" \/>\n<meta name=\"twitter:site\" content=\"@redb_coches\" \/>\n<meta name=\"twitter:label1\" content=\"Tiempo de lectura\">\n\t<meta name=\"twitter:data1\" content=\"1 minuto\">\n<script type=\"application\/ld+json\" class=\"yoast-schema-graph\">{\"@context\":\"https:\/\/schema.org\",\"@graph\":[{\"@type\":\"WebSite\",\"@id\":\"https:\/\/www.redb.info\/coches\/#website\",\"url\":\"https:\/\/www.redb.info\/coches\/\",\"name\":\"Alquiler de coches\",\"description\":\"Directorio de empresas de alquiler de autos\",\"potentialAction\":[{\"@type\":\"SearchAction\",\"target\":\"https:\/\/www.redb.info\/coches\/?s={search_term_string}\",\"query-input\":\"required name=search_term_string\"}],\"inLanguage\":\"es\"},{\"@type\":\"ImageObject\",\"@id\":\"https:\/\/www.redb.info\/coches\/alquiler-de-coches-en-prior-velho-portugal\/#primaryimage\",\"inLanguage\":\"es\",\"url\":\"https:\/\/www.redb.info\/coches\/imagenes\/europcar1.jpg\",\"width\":140,\"height\":57},{\"@type\":\"WebPage\",\"@id\":\"https:\/\/www.redb.info\/coches\/alquiler-de-coches-en-prior-velho-portugal\/#webpage\",\"url\":\"https:\/\/www.redb.info\/coches\/alquiler-de-coches-en-prior-velho-portugal\/\",\"name\":\"Alquiler de coches en Prior Velho, Portugal - Alquiler de coches\",\"isPartOf\":{\"@id\":\"https:\/\/www.redb.info\/coches\/#website\"},\"primaryImageOfPage\":{\"@id\":\"https:\/\/www.redb.info\/coches\/alquiler-de-coches-en-prior-velho-portugal\/#primaryimage\"},\"datePublished\":\"2010-05-05T18:21:00+00:00\",\"dateModified\":\"2014-08-07T20:40:50+00:00\",\"author\":{\"@id\":\"https:\/\/www.redb.info\/coches\/#\/schema\/person\/69349a3c035e4fec1a21354f713227f3\"},\"description\":\"Las oficinas de Europcar, servicio de alquiler de veh\\u00edculos, se encuentra en las grandes ciudades, aeropuertos principales y estaciones de tren; cuentan\",\"inLanguage\":\"es\",\"potentialAction\":[{\"@type\":\"ReadAction\",\"target\":[\"https:\/\/www.redb.info\/coches\/alquiler-de-coches-en-prior-velho-portugal\/\"]}]},{\"@type\":\"Person\",\"@id\":\"https:\/\/www.redb.info\/coches\/#\/schema\/person\/69349a3c035e4fec1a21354f713227f3\",\"name\":\"Red B\",\"image\":{\"@type\":\"ImageObject\",\"@id\":\"https:\/\/www.redb.info\/coches\/#personlogo\",\"inLanguage\":\"es\",\"url\":\"https:\/\/secure.gravatar.com\/avatar\/f261739afa65823eb9e0884281785bff?s=96&d=mm&r=g\",\"caption\":\"Red B\"}}]}<\/script>\n<!-- \/ Yoast SEO plugin. -->","_links":{"self":[{"href":"https:\/\/www.redb.info\/coches\/wp-json\/wp\/v2\/posts\/13"}],"collection":[{"href":"https:\/\/www.redb.info\/coches\/wp-json\/wp\/v2\/posts"}],"about":[{"href":"https:\/\/www.redb.info\/coches\/wp-json\/wp\/v2\/types\/post"}],"author":[{"embeddable":true,"href":"https:\/\/www.redb.info\/coches\/wp-json\/wp\/v2\/users\/3"}],"replies":[{"embeddable":true,"href":"https:\/\/www.redb.info\/coches\/wp-json\/wp\/v2\/comments?post=13"}],"version-history":[{"count":0,"href":"https:\/\/www.redb.info\/coches\/wp-json\/wp\/v2\/posts\/13\/revisions"}],"wp:featuredmedia":[{"embeddable":true,"href":"https:\/\/www.redb.info\/coches\/wp-json\/wp\/v2\/media\/13644"}],"wp:attachment":[{"href":"https:\/\/www.redb.info\/coches\/wp-json\/wp\/v2\/media?parent=13"}],"wp:term":[{"taxonomy":"category","embeddable":true,"href":"https:\/\/www.redb.info\/coches\/wp-json\/wp\/v2\/categories?post=13"},{"taxonomy":"post_tag","embeddable":true,"href":"https:\/\/www.redb.info\/coches\/wp-json\/wp\/v2\/tags?post=13"}],"curies":[{"name":"wp","href":"https:\/\/api.w.org\/{rel}","templated":true}]}}