{"id":12206,"date":"2013-02-27T00:13:58","date_gmt":"2013-02-26T22:13:58","guid":{"rendered":"https:\/\/www.redb.info\/coches\/?p=12206"},"modified":"2021-12-21T21:07:06","modified_gmt":"2021-12-22T02:07:06","slug":"multicar-en-la-delegacion-venustiano-carranza-ciudad-de-mexico","status":"publish","type":"post","link":"https:\/\/www.redb.info\/coches\/multicar-en-la-delegacion-venustiano-carranza-ciudad-de-mexico\/","title":{"rendered":"Multicar en la Delegaci\u00f3n Venustiano Carranza, Ciudad de M\u00e9xico"},"content":{"rendered":"<p><a title=\"MultiCar\" href=\"https:\/\/www.redb.info\/coches\/alquiler\/multicar\/\"><img loading=\"lazy\" src=\"https:\/\/www.redb.info\/coches\/imagenes\/MultiCar.jpg\" alt=\"MultiCar\" width=\"140\" height=\"70\" class=\"right size-full wp-image-12207\" \/><\/a><\/a><strong><a title=\"MultiCar\" href=\"https:\/\/www.redb.info\/coches\/alquiler\/multicar\/\">MultiCar<\/a><\/strong> es una empresa de <a title=\"Alquiler de coches\" href=\"https:\/\/www.redb.info\/coches\/\">alquiler de coches<\/a><\/strong> que se encuentra en una de las principales zonas de negocios de la <strong><a href=\"https:\/\/www.redb.info\/coches\/alquiler\/ciudad-de-mexico\/\" title=\"Ciudad de M\u00e9xico\">Ciudad de M\u00e9xico<\/a><\/strong>. La oficina se encuentra localizado en la <strong>Delegaci\u00f3n Venustiano Carranza<\/strong>, lugar en donde brinda sus servicios con una amplia variedad de autos, para arrendar uno y desplazarse por la toda la ciudad capital.<\/p>\n<p><H2> <i class=\"i-margin icon-car\" ><\/i> Modelos de carros <\/H2><\/p>\n<p>En <em><strong>Multicar <\/strong><\/em> puedes conseguir diversos modelos de <em>renta cdmx<\/em> de acuerdo a tu presupuesto, desde los <strong>autos mas baratos en M\u00e9xico<\/strong>, renta de camionetas y lujosos carros. A continuaci\u00f3n te ense\u00f1amos los  <em>modelos de carros de Multicar<\/em> :<\/p>\n<p><i class=\"i-margin icon-caret-right\" ><\/i> Econ\u00f3mico.<br \/>\n<i class=\"i-margin icon-caret-right\" ><\/i> Compacto.<br \/>\n<i class=\"i-margin icon-caret-right\" ><\/i> Intermedio.<br \/>\n<i class=\"i-margin icon-caret-right\" ><\/i> Est\u00e1ndar.<br \/>\n<i class=\"i-margin icon-caret-right\" ><\/i> Grande.<br \/>\n<i class=\"i-margin icon-caret-right\" ><\/i> Pick ups.<br \/>\n<i class=\"i-margin icon-caret-right\" ><\/i> Carga.<br \/>\n<i class=\"i-margin icon-caret-right\" ><\/i> Aut\u00f3maticos.<br \/>\n<i class=\"i-margin icon-caret-right\" ><\/i> Flota el\u00e9ctrica.<\/p>\n<h2> <i class=\"i-margin icon-check\" ><\/i> Servicios especializados <\/h2>\n<p><i class=\"i-margin icon-caret-right\" ><\/i> Kilometraje ilimitado.<br \/>\n<i class=\"i-margin icon-caret-right\" ><\/i> Descuentos exclusivos.<br \/>\n<i class=\"i-margin icon-caret-right\" ><\/i> Asiento para beb\u00e9s.<br \/>\n<i class=\"i-margin icon-caret-right\" ><\/i> Conductor adicional.<br \/>\n<i class=\"i-margin icon-caret-right\" ><\/i> Navegador GPS.<br \/>\n<i class=\"i-margin icon-caret-right\" ><\/i> Tanque de combustible.<\/p>\n<h2> <i class=\"i-margin icon-th-list\" ><\/i> Condiciones de uso Multicar<\/h2>\n<p><i class=\"i-margin icon-caret-right\" ><\/i> Edad m\u00ednima de 25 a\u00f1os (entre los 21 a\u00f1os y 24 a\u00f1os pagar\u00e1n una tarifa extra)<br \/>\n<i class=\"i-margin icon-caret-right\" ><\/i> Licencia de conducir nacional.<br \/>\n<i class=\"i-margin icon-caret-right\" ><\/i> Documento pasaporte.<br \/>\n<i class=\"i-margin icon-caret-right\" ><\/i> Tarjeta de cr\u00e9dito internacional.<br \/>\n<i class=\"i-margin icon-caret-right\" ><\/i> Comprobante de reserva.<\/p>\n<h2><i class=\"i-margin icon-star\" ><\/i> Otras agencias de alquiler de autos <\/h2>\n<div class=\"mas\"><i class=\"i-margin icon-plus\" ><\/i> <a href=\"https:\/\/www.redb.info\/coches\/alamo-en-la-av-paseo-de-la-reforma-ciudad-de-mexico\/\">Alamo en la Av. Paseo De La Reforma &#8211; Ciudad de M\u00e9xico<\/a><\/div>\n<div class=\"mas\"><i class=\"i-margin icon-plus\" ><\/i><a href=\"https:\/\/www.redb.info\/coches\/avis-en-paseo-de-la-reforma-distrito-federal-de-mexico\/\"> Avis en Paseo de La Reforma Distrito Federal de M\u00e9xico<\/a><\/div>\n<div class=\"mas\"><i class=\"i-margin icon-plus\" ><\/i><a href=\"https:\/\/www.redb.info\/coches\/thrifty-en-paseo-de-la-reforma-de-la-ciudad-de-mexico\/\">Thrifty en Paseo de la Reforma de la Ciudad de M\u00e9xico <\/a><\/div>\n","protected":false},"excerpt":{"rendered":"<p>MultiCar es una empresa de alquiler de coches que se encuentra en una de las principales zonas de negocios de la Ciudad de M\u00e9xico. La oficina se encuentra localizado en la Delegaci\u00f3n Venustiano Carranza, lugar en donde brinda sus servicios con una amplia variedad de autos, para arrendar uno y desplazarse por la toda la [&hellip;]<\/p>\n","protected":false},"author":3,"featured_media":17245,"comment_status":"open","ping_status":"closed","sticky":false,"template":"","format":"standard","meta":[],"categories":[1],"tags":[233,24],"yoast_head":"<!-- This site is optimized with the Yoast SEO plugin v15.7 - https:\/\/yoast.com\/wordpress\/plugins\/seo\/ -->\n<meta name=\"description\" content=\"MultiCar es una empresa de alquiler de coches que se encuentra en una de las principales zonas de negocios de la Ciudad de M\u00e9xico. La oficina se encuentra\" \/>\n<meta name=\"robots\" content=\"index, follow, max-snippet:-1, max-image-preview:large, max-video-preview:-1\" \/>\n<link rel=\"canonical\" href=\"https:\/\/www.redb.info\/coches\/multicar-en-la-delegacion-venustiano-carranza-ciudad-de-mexico\/\" \/>\n<meta property=\"og:locale\" content=\"es_ES\" \/>\n<meta property=\"og:type\" content=\"article\" \/>\n<meta property=\"og:title\" content=\"Multicar en la Delegaci\u00f3n Venustiano Carranza, Ciudad de M\u00e9xico - Alquiler de coches\" \/>\n<meta property=\"og:description\" content=\"MultiCar es una empresa de alquiler de coches que se encuentra en una de las principales zonas de negocios de la Ciudad de M\u00e9xico. La oficina se encuentra\" \/>\n<meta property=\"og:url\" content=\"https:\/\/www.redb.info\/coches\/multicar-en-la-delegacion-venustiano-carranza-ciudad-de-mexico\/\" \/>\n<meta property=\"og:site_name\" content=\"Alquiler de coches\" \/>\n<meta property=\"article:published_time\" content=\"2013-02-26T22:13:58+00:00\" \/>\n<meta property=\"article:modified_time\" content=\"2021-12-22T02:07:06+00:00\" \/>\n<meta property=\"og:image\" content=\"https:\/\/www.redb.info\/coches\/imagenes\/renault-oroch.jpg\" \/>\n\t<meta property=\"og:image:width\" content=\"547\" \/>\n\t<meta property=\"og:image:height\" content=\"319\" \/>\n<meta name=\"twitter:card\" content=\"summary\" \/>\n<meta name=\"twitter:creator\" content=\"@redb_coches\" \/>\n<meta name=\"twitter:site\" content=\"@redb_coches\" \/>\n<meta name=\"twitter:label1\" content=\"Tiempo de lectura\">\n\t<meta name=\"twitter:data1\" content=\"1 minuto\">\n<script type=\"application\/ld+json\" class=\"yoast-schema-graph\">{\"@context\":\"https:\/\/schema.org\",\"@graph\":[{\"@type\":\"WebSite\",\"@id\":\"https:\/\/www.redb.info\/coches\/#website\",\"url\":\"https:\/\/www.redb.info\/coches\/\",\"name\":\"Alquiler de coches\",\"description\":\"Directorio de empresas de alquiler de autos\",\"potentialAction\":[{\"@type\":\"SearchAction\",\"target\":\"https:\/\/www.redb.info\/coches\/?s={search_term_string}\",\"query-input\":\"required name=search_term_string\"}],\"inLanguage\":\"es\"},{\"@type\":\"ImageObject\",\"@id\":\"https:\/\/www.redb.info\/coches\/multicar-en-la-delegacion-venustiano-carranza-ciudad-de-mexico\/#primaryimage\",\"inLanguage\":\"es\",\"url\":\"https:\/\/www.redb.info\/coches\/imagenes\/renault-oroch.jpg\",\"width\":547,\"height\":319},{\"@type\":\"WebPage\",\"@id\":\"https:\/\/www.redb.info\/coches\/multicar-en-la-delegacion-venustiano-carranza-ciudad-de-mexico\/#webpage\",\"url\":\"https:\/\/www.redb.info\/coches\/multicar-en-la-delegacion-venustiano-carranza-ciudad-de-mexico\/\",\"name\":\"Multicar en la Delegaci\\u00f3n Venustiano Carranza, Ciudad de M\\u00e9xico - Alquiler de coches\",\"isPartOf\":{\"@id\":\"https:\/\/www.redb.info\/coches\/#website\"},\"primaryImageOfPage\":{\"@id\":\"https:\/\/www.redb.info\/coches\/multicar-en-la-delegacion-venustiano-carranza-ciudad-de-mexico\/#primaryimage\"},\"datePublished\":\"2013-02-26T22:13:58+00:00\",\"dateModified\":\"2021-12-22T02:07:06+00:00\",\"author\":{\"@id\":\"https:\/\/www.redb.info\/coches\/#\/schema\/person\/69349a3c035e4fec1a21354f713227f3\"},\"description\":\"MultiCar es una empresa de alquiler de coches que se encuentra en una de las principales zonas de negocios de la Ciudad de M\\u00e9xico. La oficina se encuentra\",\"inLanguage\":\"es\",\"potentialAction\":[{\"@type\":\"ReadAction\",\"target\":[\"https:\/\/www.redb.info\/coches\/multicar-en-la-delegacion-venustiano-carranza-ciudad-de-mexico\/\"]}]},{\"@type\":\"Person\",\"@id\":\"https:\/\/www.redb.info\/coches\/#\/schema\/person\/69349a3c035e4fec1a21354f713227f3\",\"name\":\"Red B\",\"image\":{\"@type\":\"ImageObject\",\"@id\":\"https:\/\/www.redb.info\/coches\/#personlogo\",\"inLanguage\":\"es\",\"url\":\"https:\/\/secure.gravatar.com\/avatar\/f261739afa65823eb9e0884281785bff?s=96&d=mm&r=g\",\"caption\":\"Red B\"}}]}<\/script>\n<!-- \/ Yoast SEO plugin. -->","_links":{"self":[{"href":"https:\/\/www.redb.info\/coches\/wp-json\/wp\/v2\/posts\/12206"}],"collection":[{"href":"https:\/\/www.redb.info\/coches\/wp-json\/wp\/v2\/posts"}],"about":[{"href":"https:\/\/www.redb.info\/coches\/wp-json\/wp\/v2\/types\/post"}],"author":[{"embeddable":true,"href":"https:\/\/www.redb.info\/coches\/wp-json\/wp\/v2\/users\/3"}],"replies":[{"embeddable":true,"href":"https:\/\/www.redb.info\/coches\/wp-json\/wp\/v2\/comments?post=12206"}],"version-history":[{"count":0,"href":"https:\/\/www.redb.info\/coches\/wp-json\/wp\/v2\/posts\/12206\/revisions"}],"wp:featuredmedia":[{"embeddable":true,"href":"https:\/\/www.redb.info\/coches\/wp-json\/wp\/v2\/media\/17245"}],"wp:attachment":[{"href":"https:\/\/www.redb.info\/coches\/wp-json\/wp\/v2\/media?parent=12206"}],"wp:term":[{"taxonomy":"category","embeddable":true,"href":"https:\/\/www.redb.info\/coches\/wp-json\/wp\/v2\/categories?post=12206"},{"taxonomy":"post_tag","embeddable":true,"href":"https:\/\/www.redb.info\/coches\/wp-json\/wp\/v2\/tags?post=12206"}],"curies":[{"name":"wp","href":"https:\/\/api.w.org\/{rel}","templated":true}]}}