{"id":11998,"date":"2013-02-09T00:16:59","date_gmt":"2013-02-08T22:16:59","guid":{"rendered":"https:\/\/www.redb.info\/coches\/?p=11998"},"modified":"2021-12-21T21:09:02","modified_gmt":"2021-12-22T02:09:02","slug":"alamo-en-la-av-paseo-de-la-reforma-ciudad-de-mexico","status":"publish","type":"post","link":"https:\/\/www.redb.info\/coches\/alamo-en-la-av-paseo-de-la-reforma-ciudad-de-mexico\/","title":{"rendered":"Alamo en la Av. Paseo De La Reforma &#8211; Ciudad de M\u00e9xico"},"content":{"rendered":"<p><a title=\"Alamo Rent a Car\" href=\"https:\/\/www.redb.info\/coches\/alquiler\/Alamo-rent-a-car\/\"><img loading=\"lazy\" src=\"https:\/\/www.redb.info\/coches\/imagenes\/logo-Alamo.gif\" alt=\"logo Alamo\" width=\"117\" height=\"55\" class=\"alignright size-full wp-image-8891\" \/><\/a><strong><a title=\"Alamo Rent A Car\" href=\"https:\/\/www.redb.info\/coches\/alquiler\/Alamo-rent-a-car\/\">Alamo Rent A Car<\/a><\/strong> es una empresa de <a title=\"Alquiler de coches\" href=\"https:\/\/www.redb.info\/coches\/\">alquiler de coches<\/a><\/strong> que cuenta con una gran red de oficinas en <a href=\"https:\/\/www.redb.info\/coches\/alquiler\/mexico\/\" title=\"M\u00e9xico\">M\u00e9xico<\/a>, una de ellas se encuentra localizado en La <strong>Av. Paseo De La Reforma &#8211; Ciudad de M\u00e9xico<\/strong>, lugar en donde brinda sus servicios con una amplia variedad de autos, para arrendar uno y desplazarse por la <a href=\"https:\/\/www.redb.info\/coches\/alquiler\/ciudad-de-mexico\/\" title=\"Ciudad de M\u00e9xico\">Ciudad de M\u00e9xico<\/a>.<\/p>\n<p><H2> <i class=\"i-margin icon-car\" ><\/i> Modelos de carros <\/H2><\/p>\n<p>En <em><strong>Alamo <\/strong><\/em> puedes conseguir diversos modelos de carros de acuerdo a tu presupuesto, desde los <strong>autos mas baratos en M\u00e9xico<\/strong>, renta de camionetas y lujosos carros. A continuaci\u00f3n te ense\u00f1amos los  <em>modelos de carros de Alamo<\/em> :<\/p>\n<p><i class=\"i-margin icon-caret-right\" ><\/i> Econ\u00f3mico.<br \/>\n<i class=\"i-margin icon-caret-right\" ><\/i> Compacto.<br \/>\n<i class=\"i-margin icon-caret-right\" ><\/i> Intermedio.<br \/>\n<i class=\"i-margin icon-caret-right\" ><\/i> Est\u00e1ndar.<br \/>\n<i class=\"i-margin icon-caret-right\" ><\/i> Grande.<br \/>\n<i class=\"i-margin icon-caret-right\" ><\/i> Camiones.<br \/>\n<i class=\"i-margin icon-caret-right\" ><\/i> Furgonetas.<br \/>\n<i class=\"i-margin icon-caret-right\" ><\/i> Autos deportivos.<\/p>\n<h2> <i class=\"i-margin icon-check\" ><\/i> Servicios especializados <\/h2>\n<p><i class=\"i-margin icon-caret-right\" ><\/i>  Los alquileres con origen en Tijuana, Mexicali, Ciudad Ju\u00e1rez, Chihuahua, Hermosillo y Monterrey tienen permitido cruzar la frontera de los Estados Unidos.<br \/>\n<i class=\"i-margin icon-caret-right\" ><\/i> Kilometraje ilimitado.<br \/>\n<i class=\"i-margin icon-caret-right\" ><\/i> Descuentos exclusivos.<br \/>\n<i class=\"i-margin icon-caret-right\" ><\/i> Asiento para beb\u00e9s.<br \/>\n<i class=\"i-margin icon-caret-right\" ><\/i> Conductor adicional.<br \/>\n<i class=\"i-margin icon-caret-right\" ><\/i> Navegador GPS.<br \/>\n<i class=\"i-margin icon-caret-right\" ><\/i> Tanque de combustible.<\/p>\n<h2> <i class=\"i-margin icon-th-list\" ><\/i> Condiciones de uso ALAMO<\/h2>\n<p><i class=\"i-margin icon-caret-right\" ><\/i> Edad m\u00ednima de 25 a\u00f1os (entre los 21 a\u00f1os y 24 a\u00f1os pagar\u00e1n una tarifa extra)<br \/>\n<i class=\"i-margin icon-caret-right\" ><\/i> Licencia de conducir nacional.<br \/>\n<i class=\"i-margin icon-caret-right\" ><\/i> Documento pasaporte.<br \/>\n<i class=\"i-margin icon-caret-right\" ><\/i> Tarjeta de cr\u00e9dito internacional.<br \/>\n<i class=\"i-margin icon-caret-right\" ><\/i> Comprobante de reserva.<\/p>\n<h2><i class=\"i-margin icon-star\" ><\/i> Otras agencias de alquiler de autos <\/h2>\n<div class=\"mas\"><i class=\"i-margin icon-plus\" ><\/i> <a href=\"https:\/\/www.redb.info\/coches\/multicar-en-la-delegacion-venustiano-carranza-ciudad-de-mexico\/\">Multicar en la Delegaci\u00f3n Venustiano Carranza, Ciudad de M\u00e9xico<\/a><\/div>\n<div class=\"mas\"><i class=\"i-margin icon-plus\" ><\/i><a href=\"https:\/\/www.redb.info\/coches\/avis-en-paseo-de-la-reforma-distrito-federal-de-mexico\/\"> Avis en Paseo de La Reforma Distrito Federal de M\u00e9xico<\/a><\/div>\n<div class=\"mas\"><i class=\"i-margin icon-plus\" ><\/i><a href=\"https:\/\/www.redb.info\/coches\/thrifty-en-paseo-de-la-reforma-de-la-ciudad-de-mexico\/\">Thrifty en Paseo de la Reforma de la Ciudad de M\u00e9xico <\/a><\/div>\n","protected":false},"excerpt":{"rendered":"<p>Alamo Rent A Car es una empresa de alquiler de coches que cuenta con una gran red de oficinas en M\u00e9xico, una de ellas se encuentra localizado en La Av. Paseo De La Reforma &#8211; Ciudad de M\u00e9xico, lugar en donde brinda sus servicios con una amplia variedad de autos, para arrendar uno y desplazarse [&hellip;]<\/p>\n","protected":false},"author":3,"featured_media":17241,"comment_status":"open","ping_status":"closed","sticky":false,"template":"","format":"standard","meta":[],"categories":[1],"tags":[45,762,233,24],"yoast_head":"<!-- This site is optimized with the Yoast SEO plugin v15.7 - https:\/\/yoast.com\/wordpress\/plugins\/seo\/ -->\n<meta name=\"description\" content=\"Alamo Rent A Car es una empresa de alquiler de coches que cuenta con una gran red de oficinas en M\u00e9xico, una de ellas se encuentra localizado en La Av.\" \/>\n<meta name=\"robots\" content=\"index, follow, max-snippet:-1, max-image-preview:large, max-video-preview:-1\" \/>\n<link rel=\"canonical\" href=\"https:\/\/www.redb.info\/coches\/alamo-en-la-av-paseo-de-la-reforma-ciudad-de-mexico\/\" \/>\n<meta property=\"og:locale\" content=\"es_ES\" \/>\n<meta property=\"og:type\" content=\"article\" \/>\n<meta property=\"og:title\" content=\"Alamo en la Av. Paseo De La Reforma - Ciudad de M\u00e9xico - Alquiler de coches\" \/>\n<meta property=\"og:description\" content=\"Alamo Rent A Car es una empresa de alquiler de coches que cuenta con una gran red de oficinas en M\u00e9xico, una de ellas se encuentra localizado en La Av.\" \/>\n<meta property=\"og:url\" content=\"https:\/\/www.redb.info\/coches\/alamo-en-la-av-paseo-de-la-reforma-ciudad-de-mexico\/\" \/>\n<meta property=\"og:site_name\" content=\"Alquiler de coches\" \/>\n<meta property=\"article:published_time\" content=\"2013-02-08T22:16:59+00:00\" \/>\n<meta property=\"article:modified_time\" content=\"2021-12-22T02:09:02+00:00\" \/>\n<meta property=\"og:image\" content=\"https:\/\/www.redb.info\/coches\/imagenes\/alamo-galaxy-vacations.png\" \/>\n\t<meta property=\"og:image:width\" content=\"4500\" \/>\n\t<meta property=\"og:image:height\" content=\"2700\" \/>\n<meta name=\"twitter:card\" content=\"summary\" \/>\n<meta name=\"twitter:creator\" content=\"@redb_coches\" \/>\n<meta name=\"twitter:site\" content=\"@redb_coches\" \/>\n<meta name=\"twitter:label1\" content=\"Tiempo de lectura\">\n\t<meta name=\"twitter:data1\" content=\"2 minutos\">\n<script type=\"application\/ld+json\" class=\"yoast-schema-graph\">{\"@context\":\"https:\/\/schema.org\",\"@graph\":[{\"@type\":\"WebSite\",\"@id\":\"https:\/\/www.redb.info\/coches\/#website\",\"url\":\"https:\/\/www.redb.info\/coches\/\",\"name\":\"Alquiler de coches\",\"description\":\"Directorio de empresas de alquiler de autos\",\"potentialAction\":[{\"@type\":\"SearchAction\",\"target\":\"https:\/\/www.redb.info\/coches\/?s={search_term_string}\",\"query-input\":\"required name=search_term_string\"}],\"inLanguage\":\"es\"},{\"@type\":\"ImageObject\",\"@id\":\"https:\/\/www.redb.info\/coches\/alamo-en-la-av-paseo-de-la-reforma-ciudad-de-mexico\/#primaryimage\",\"inLanguage\":\"es\",\"url\":\"https:\/\/www.redb.info\/coches\/imagenes\/alamo-galaxy-vacations.png\",\"width\":4500,\"height\":2700},{\"@type\":\"WebPage\",\"@id\":\"https:\/\/www.redb.info\/coches\/alamo-en-la-av-paseo-de-la-reforma-ciudad-de-mexico\/#webpage\",\"url\":\"https:\/\/www.redb.info\/coches\/alamo-en-la-av-paseo-de-la-reforma-ciudad-de-mexico\/\",\"name\":\"Alamo en la Av. Paseo De La Reforma - Ciudad de M\\u00e9xico - Alquiler de coches\",\"isPartOf\":{\"@id\":\"https:\/\/www.redb.info\/coches\/#website\"},\"primaryImageOfPage\":{\"@id\":\"https:\/\/www.redb.info\/coches\/alamo-en-la-av-paseo-de-la-reforma-ciudad-de-mexico\/#primaryimage\"},\"datePublished\":\"2013-02-08T22:16:59+00:00\",\"dateModified\":\"2021-12-22T02:09:02+00:00\",\"author\":{\"@id\":\"https:\/\/www.redb.info\/coches\/#\/schema\/person\/69349a3c035e4fec1a21354f713227f3\"},\"description\":\"Alamo Rent A Car es una empresa de alquiler de coches que cuenta con una gran red de oficinas en M\\u00e9xico, una de ellas se encuentra localizado en La Av.\",\"inLanguage\":\"es\",\"potentialAction\":[{\"@type\":\"ReadAction\",\"target\":[\"https:\/\/www.redb.info\/coches\/alamo-en-la-av-paseo-de-la-reforma-ciudad-de-mexico\/\"]}]},{\"@type\":\"Person\",\"@id\":\"https:\/\/www.redb.info\/coches\/#\/schema\/person\/69349a3c035e4fec1a21354f713227f3\",\"name\":\"Red B\",\"image\":{\"@type\":\"ImageObject\",\"@id\":\"https:\/\/www.redb.info\/coches\/#personlogo\",\"inLanguage\":\"es\",\"url\":\"https:\/\/secure.gravatar.com\/avatar\/f261739afa65823eb9e0884281785bff?s=96&d=mm&r=g\",\"caption\":\"Red B\"}}]}<\/script>\n<!-- \/ Yoast SEO plugin. -->","_links":{"self":[{"href":"https:\/\/www.redb.info\/coches\/wp-json\/wp\/v2\/posts\/11998"}],"collection":[{"href":"https:\/\/www.redb.info\/coches\/wp-json\/wp\/v2\/posts"}],"about":[{"href":"https:\/\/www.redb.info\/coches\/wp-json\/wp\/v2\/types\/post"}],"author":[{"embeddable":true,"href":"https:\/\/www.redb.info\/coches\/wp-json\/wp\/v2\/users\/3"}],"replies":[{"embeddable":true,"href":"https:\/\/www.redb.info\/coches\/wp-json\/wp\/v2\/comments?post=11998"}],"version-history":[{"count":0,"href":"https:\/\/www.redb.info\/coches\/wp-json\/wp\/v2\/posts\/11998\/revisions"}],"wp:featuredmedia":[{"embeddable":true,"href":"https:\/\/www.redb.info\/coches\/wp-json\/wp\/v2\/media\/17241"}],"wp:attachment":[{"href":"https:\/\/www.redb.info\/coches\/wp-json\/wp\/v2\/media?parent=11998"}],"wp:term":[{"taxonomy":"category","embeddable":true,"href":"https:\/\/www.redb.info\/coches\/wp-json\/wp\/v2\/categories?post=11998"},{"taxonomy":"post_tag","embeddable":true,"href":"https:\/\/www.redb.info\/coches\/wp-json\/wp\/v2\/tags?post=11998"}],"curies":[{"name":"wp","href":"https:\/\/api.w.org\/{rel}","templated":true}]}}