{"id":10860,"date":"2012-11-07T22:10:47","date_gmt":"2012-11-07T20:10:47","guid":{"rendered":"https:\/\/www.redb.info\/coches\/?p=10860"},"modified":"2014-08-05T22:21:52","modified_gmt":"2014-08-05T20:21:52","slug":"avis-en-el-aeropuerto-internacional-de-ginebra","status":"publish","type":"post","link":"https:\/\/www.redb.info\/coches\/avis-en-el-aeropuerto-internacional-de-ginebra\/","title":{"rendered":"Avis en el Aeropuerto Internacional de Ginebra"},"content":{"rendered":"<p><a title=\"Avis\" href=\"https:\/\/www.redb.info\/coches\/alquiler\/avis\/\"><img src=\"https:\/\/img.redb.info\/up\/1273198377.gif\" class=\"right\" alt=\"Avis\" \/><\/a><strong><a href=\"https:\/\/www.redb.info\/coches\/alquiler\/avis\/\" title=\"Avis\">Avis<\/a><\/strong> es una empresa de <strong><a href=\"https:\/\/www.redb.info\/coches\/alquiler\/alquiler-de-coches\/\" title=\"Alquiler de coches\">alquiler de coches<\/a><\/strong>, cuenta con una amplia red de oficinas y tiendas en <strong><a href=\"https:\/\/www.redb.info\/coches\/alquiler\/suiza\/\" title=\"Suiza\">Suiza<\/a><\/strong> y alrededor del mundo, una de ellas se encuentra en el <strong><a href=\"http:\/\/www.aeropuertos.net\/aeropuerto-internacional-de-ginebra\/\" target=\"_blank\">Aeropuerto Internacional de Ginebra<\/a><\/strong>, donde brinda a sus clientes una gran variedad de modelos de coches con promociones y ofertas para desplazarse por <a href=\"https:\/\/www.redb.info\/coches\/alquiler\/ginebra\/\" title=\"Ginebra\">Ginebra<\/a><\/p>\n<p><strong><u>Servicios disponibles en esta oficina<\/u><\/strong><br \/>\nAvis Preferred, devoluci\u00f3n fuera del horario de apertura, asistencia en carretera, asientos para bebes, sistema de Navegaci\u00f3n, portaesqu\u00edes, cadenas, neum\u00e1ticos de nieve.<\/p>\n","protected":false},"excerpt":{"rendered":"<p>Avis es una empresa de alquiler de coches, cuenta con una amplia red de oficinas y tiendas en Suiza y alrededor del mundo, una de ellas se encuentra en el Aeropuerto Internacional de Ginebra, donde brinda a sus clientes una gran variedad de modelos de coches con promociones y ofertas para desplazarse por Ginebra Servicios [&hellip;]<\/p>\n","protected":false},"author":3,"featured_media":13603,"comment_status":"open","ping_status":"closed","sticky":false,"template":"","format":"standard","meta":[],"categories":[1],"tags":[2372,18,2371,298],"yoast_head":"<!-- This site is optimized with the Yoast SEO plugin v15.7 - https:\/\/yoast.com\/wordpress\/plugins\/seo\/ -->\n<meta name=\"description\" content=\"Avis es una empresa de alquiler de coches, cuenta con una amplia red de oficinas y tiendas en Suiza y alrededor del mundo, una de ellas se encuentra en el\" \/>\n<meta name=\"robots\" content=\"index, follow, max-snippet:-1, max-image-preview:large, max-video-preview:-1\" \/>\n<link rel=\"canonical\" href=\"https:\/\/www.redb.info\/coches\/avis-en-el-aeropuerto-internacional-de-ginebra\/\" \/>\n<meta property=\"og:locale\" content=\"es_ES\" \/>\n<meta property=\"og:type\" content=\"article\" \/>\n<meta property=\"og:title\" content=\"Avis en el Aeropuerto Internacional de Ginebra - Alquiler de coches\" \/>\n<meta property=\"og:description\" content=\"Avis es una empresa de alquiler de coches, cuenta con una amplia red de oficinas y tiendas en Suiza y alrededor del mundo, una de ellas se encuentra en el\" \/>\n<meta property=\"og:url\" content=\"https:\/\/www.redb.info\/coches\/avis-en-el-aeropuerto-internacional-de-ginebra\/\" \/>\n<meta property=\"og:site_name\" content=\"Alquiler de coches\" \/>\n<meta property=\"article:published_time\" content=\"2012-11-07T20:10:47+00:00\" \/>\n<meta property=\"article:modified_time\" content=\"2014-08-05T20:21:52+00:00\" \/>\n<meta property=\"og:image\" content=\"https:\/\/www.redb.info\/coches\/imagenes\/12731983771.gif\" \/>\n\t<meta property=\"og:image:width\" content=\"145\" \/>\n\t<meta property=\"og:image:height\" content=\"75\" \/>\n<meta name=\"twitter:card\" content=\"summary\" \/>\n<meta name=\"twitter:creator\" content=\"@redb_coches\" \/>\n<meta name=\"twitter:site\" content=\"@redb_coches\" \/>\n<script type=\"application\/ld+json\" class=\"yoast-schema-graph\">{\"@context\":\"https:\/\/schema.org\",\"@graph\":[{\"@type\":\"WebSite\",\"@id\":\"https:\/\/www.redb.info\/coches\/#website\",\"url\":\"https:\/\/www.redb.info\/coches\/\",\"name\":\"Alquiler de coches\",\"description\":\"Directorio de empresas de alquiler de autos\",\"potentialAction\":[{\"@type\":\"SearchAction\",\"target\":\"https:\/\/www.redb.info\/coches\/?s={search_term_string}\",\"query-input\":\"required name=search_term_string\"}],\"inLanguage\":\"es\"},{\"@type\":\"ImageObject\",\"@id\":\"https:\/\/www.redb.info\/coches\/avis-en-el-aeropuerto-internacional-de-ginebra\/#primaryimage\",\"inLanguage\":\"es\",\"url\":\"https:\/\/www.redb.info\/coches\/imagenes\/12731983771.gif\",\"width\":145,\"height\":75},{\"@type\":\"WebPage\",\"@id\":\"https:\/\/www.redb.info\/coches\/avis-en-el-aeropuerto-internacional-de-ginebra\/#webpage\",\"url\":\"https:\/\/www.redb.info\/coches\/avis-en-el-aeropuerto-internacional-de-ginebra\/\",\"name\":\"Avis en el Aeropuerto Internacional de Ginebra - Alquiler de coches\",\"isPartOf\":{\"@id\":\"https:\/\/www.redb.info\/coches\/#website\"},\"primaryImageOfPage\":{\"@id\":\"https:\/\/www.redb.info\/coches\/avis-en-el-aeropuerto-internacional-de-ginebra\/#primaryimage\"},\"datePublished\":\"2012-11-07T20:10:47+00:00\",\"dateModified\":\"2014-08-05T20:21:52+00:00\",\"author\":{\"@id\":\"https:\/\/www.redb.info\/coches\/#\/schema\/person\/69349a3c035e4fec1a21354f713227f3\"},\"description\":\"Avis es una empresa de alquiler de coches, cuenta con una amplia red de oficinas y tiendas en Suiza y alrededor del mundo, una de ellas se encuentra en el\",\"inLanguage\":\"es\",\"potentialAction\":[{\"@type\":\"ReadAction\",\"target\":[\"https:\/\/www.redb.info\/coches\/avis-en-el-aeropuerto-internacional-de-ginebra\/\"]}]},{\"@type\":\"Person\",\"@id\":\"https:\/\/www.redb.info\/coches\/#\/schema\/person\/69349a3c035e4fec1a21354f713227f3\",\"name\":\"Red B\",\"image\":{\"@type\":\"ImageObject\",\"@id\":\"https:\/\/www.redb.info\/coches\/#personlogo\",\"inLanguage\":\"es\",\"url\":\"https:\/\/secure.gravatar.com\/avatar\/f261739afa65823eb9e0884281785bff?s=96&d=mm&r=g\",\"caption\":\"Red B\"}}]}<\/script>\n<!-- \/ Yoast SEO plugin. -->","_links":{"self":[{"href":"https:\/\/www.redb.info\/coches\/wp-json\/wp\/v2\/posts\/10860"}],"collection":[{"href":"https:\/\/www.redb.info\/coches\/wp-json\/wp\/v2\/posts"}],"about":[{"href":"https:\/\/www.redb.info\/coches\/wp-json\/wp\/v2\/types\/post"}],"author":[{"embeddable":true,"href":"https:\/\/www.redb.info\/coches\/wp-json\/wp\/v2\/users\/3"}],"replies":[{"embeddable":true,"href":"https:\/\/www.redb.info\/coches\/wp-json\/wp\/v2\/comments?post=10860"}],"version-history":[{"count":0,"href":"https:\/\/www.redb.info\/coches\/wp-json\/wp\/v2\/posts\/10860\/revisions"}],"wp:featuredmedia":[{"embeddable":true,"href":"https:\/\/www.redb.info\/coches\/wp-json\/wp\/v2\/media\/13603"}],"wp:attachment":[{"href":"https:\/\/www.redb.info\/coches\/wp-json\/wp\/v2\/media?parent=10860"}],"wp:term":[{"taxonomy":"category","embeddable":true,"href":"https:\/\/www.redb.info\/coches\/wp-json\/wp\/v2\/categories?post=10860"},{"taxonomy":"post_tag","embeddable":true,"href":"https:\/\/www.redb.info\/coches\/wp-json\/wp\/v2\/tags?post=10860"}],"curies":[{"name":"wp","href":"https:\/\/api.w.org\/{rel}","templated":true}]}}