{"id":10033,"date":"2012-09-07T22:10:39","date_gmt":"2012-09-07T20:10:39","guid":{"rendered":"https:\/\/www.redb.info\/coches\/?p=10033"},"modified":"2015-12-18T17:59:26","modified_gmt":"2015-12-18T15:59:26","slug":"hertz-en-el-aeropuerto-internacional-de-veracruz","status":"publish","type":"post","link":"https:\/\/www.redb.info\/coches\/hertz-en-el-aeropuerto-internacional-de-veracruz\/","title":{"rendered":"Hertz en el Aeropuerto Internacional de Veracruz"},"content":{"rendered":"<p><a title=\"Hertz Rent A Car\" href=\"https:\/\/www.redb.info\/coches\/alquiler\/hertz\/\"><img src=\"https:\/\/img.redb.info\/up\/1280983654.gif\" alt=\"Hertz Rent A Car\" class=\"right\" \/><\/a> <strong>Hertz<\/strong> es una compa\u00f1ia de <strong>alquiler de coches<\/strong> que cuenta con una amplia red de oficinas a nivel mundial y tambi\u00e9n en M\u00e9xico, uno de sus locales se encuentra ubicado en las instalaciones del <strong><a href=\"http:\/\/www.aeropuertos.net\/aeropuerto-internacional-general-heriberto-jara\/\" target=\"_blank\">Aeropuerto Internacional de Veracruz<\/a><\/strong>, donde encontrar\u00e1s un m\u00f3dulo de atenci\u00f3n con una gran variedad de coches modernos y con promociones para arrendar un coche y desplazarse con toda tranquilidad por la ciudad.<\/p>\n<p><strong><u>Servicios Especiales disponibles en esta oficina<\/u><\/strong><br \/>\nServicio Gold en el mostrador, asientos de seguridad para ni\u00f1os.<\/p>\n","protected":false},"excerpt":{"rendered":"<p>Hertz es una compa\u00f1ia de alquiler de coches que cuenta con una amplia red de oficinas a nivel mundial y tambi\u00e9n en M\u00e9xico, uno de sus locales se encuentra ubicado en las instalaciones del Aeropuerto Internacional de Veracruz, donde encontrar\u00e1s un m\u00f3dulo de atenci\u00f3n con una gran variedad de coches modernos y con promociones para [&hellip;]<\/p>\n","protected":false},"author":3,"featured_media":8685,"comment_status":"open","ping_status":"closed","sticky":false,"template":"","format":"standard","meta":[],"categories":[1],"tags":[2123,22,462,24,2122],"yoast_head":"<!-- This site is optimized with the Yoast SEO plugin v15.7 - https:\/\/yoast.com\/wordpress\/plugins\/seo\/ -->\n<meta name=\"description\" content=\"Hertz es una compa\u00f1ia de alquiler de coches que cuenta con una amplia red de oficinas a nivel mundial y tambi\u00e9n en M\u00e9xico, uno de sus locales se encuentra\" \/>\n<meta name=\"robots\" content=\"index, follow, max-snippet:-1, max-image-preview:large, max-video-preview:-1\" \/>\n<link rel=\"canonical\" href=\"https:\/\/www.redb.info\/coches\/hertz-en-el-aeropuerto-internacional-de-veracruz\/\" \/>\n<meta property=\"og:locale\" content=\"es_ES\" \/>\n<meta property=\"og:type\" content=\"article\" \/>\n<meta property=\"og:title\" content=\"Hertz en el Aeropuerto Internacional de Veracruz - Alquiler de coches\" \/>\n<meta property=\"og:description\" content=\"Hertz es una compa\u00f1ia de alquiler de coches que cuenta con una amplia red de oficinas a nivel mundial y tambi\u00e9n en M\u00e9xico, uno de sus locales se encuentra\" \/>\n<meta property=\"og:url\" content=\"https:\/\/www.redb.info\/coches\/hertz-en-el-aeropuerto-internacional-de-veracruz\/\" \/>\n<meta property=\"og:site_name\" content=\"Alquiler de coches\" \/>\n<meta property=\"article:published_time\" content=\"2012-09-07T20:10:39+00:00\" \/>\n<meta property=\"article:modified_time\" content=\"2015-12-18T15:59:26+00:00\" \/>\n<meta property=\"og:image\" content=\"https:\/\/www.redb.info\/coches\/imagenes\/logo-Hertz.gif\" \/>\n\t<meta property=\"og:image:width\" content=\"133\" \/>\n\t<meta property=\"og:image:height\" content=\"49\" \/>\n<meta name=\"twitter:card\" content=\"summary\" \/>\n<meta name=\"twitter:creator\" content=\"@redb_coches\" \/>\n<meta name=\"twitter:site\" content=\"@redb_coches\" \/>\n<script type=\"application\/ld+json\" class=\"yoast-schema-graph\">{\"@context\":\"https:\/\/schema.org\",\"@graph\":[{\"@type\":\"WebSite\",\"@id\":\"https:\/\/www.redb.info\/coches\/#website\",\"url\":\"https:\/\/www.redb.info\/coches\/\",\"name\":\"Alquiler de coches\",\"description\":\"Directorio de empresas de alquiler de autos\",\"potentialAction\":[{\"@type\":\"SearchAction\",\"target\":\"https:\/\/www.redb.info\/coches\/?s={search_term_string}\",\"query-input\":\"required name=search_term_string\"}],\"inLanguage\":\"es\"},{\"@type\":\"ImageObject\",\"@id\":\"https:\/\/www.redb.info\/coches\/hertz-en-el-aeropuerto-internacional-de-veracruz\/#primaryimage\",\"inLanguage\":\"es\",\"url\":\"https:\/\/www.redb.info\/coches\/imagenes\/logo-Hertz.gif\",\"width\":133,\"height\":49},{\"@type\":\"WebPage\",\"@id\":\"https:\/\/www.redb.info\/coches\/hertz-en-el-aeropuerto-internacional-de-veracruz\/#webpage\",\"url\":\"https:\/\/www.redb.info\/coches\/hertz-en-el-aeropuerto-internacional-de-veracruz\/\",\"name\":\"Hertz en el Aeropuerto Internacional de Veracruz - Alquiler de coches\",\"isPartOf\":{\"@id\":\"https:\/\/www.redb.info\/coches\/#website\"},\"primaryImageOfPage\":{\"@id\":\"https:\/\/www.redb.info\/coches\/hertz-en-el-aeropuerto-internacional-de-veracruz\/#primaryimage\"},\"datePublished\":\"2012-09-07T20:10:39+00:00\",\"dateModified\":\"2015-12-18T15:59:26+00:00\",\"author\":{\"@id\":\"https:\/\/www.redb.info\/coches\/#\/schema\/person\/69349a3c035e4fec1a21354f713227f3\"},\"description\":\"Hertz es una compa\\u00f1ia de alquiler de coches que cuenta con una amplia red de oficinas a nivel mundial y tambi\\u00e9n en M\\u00e9xico, uno de sus locales se encuentra\",\"inLanguage\":\"es\",\"potentialAction\":[{\"@type\":\"ReadAction\",\"target\":[\"https:\/\/www.redb.info\/coches\/hertz-en-el-aeropuerto-internacional-de-veracruz\/\"]}]},{\"@type\":\"Person\",\"@id\":\"https:\/\/www.redb.info\/coches\/#\/schema\/person\/69349a3c035e4fec1a21354f713227f3\",\"name\":\"Red B\",\"image\":{\"@type\":\"ImageObject\",\"@id\":\"https:\/\/www.redb.info\/coches\/#personlogo\",\"inLanguage\":\"es\",\"url\":\"https:\/\/secure.gravatar.com\/avatar\/f261739afa65823eb9e0884281785bff?s=96&d=mm&r=g\",\"caption\":\"Red B\"}}]}<\/script>\n<!-- \/ Yoast SEO plugin. -->","_links":{"self":[{"href":"https:\/\/www.redb.info\/coches\/wp-json\/wp\/v2\/posts\/10033"}],"collection":[{"href":"https:\/\/www.redb.info\/coches\/wp-json\/wp\/v2\/posts"}],"about":[{"href":"https:\/\/www.redb.info\/coches\/wp-json\/wp\/v2\/types\/post"}],"author":[{"embeddable":true,"href":"https:\/\/www.redb.info\/coches\/wp-json\/wp\/v2\/users\/3"}],"replies":[{"embeddable":true,"href":"https:\/\/www.redb.info\/coches\/wp-json\/wp\/v2\/comments?post=10033"}],"version-history":[{"count":0,"href":"https:\/\/www.redb.info\/coches\/wp-json\/wp\/v2\/posts\/10033\/revisions"}],"wp:featuredmedia":[{"embeddable":true,"href":"https:\/\/www.redb.info\/coches\/wp-json\/wp\/v2\/media\/8685"}],"wp:attachment":[{"href":"https:\/\/www.redb.info\/coches\/wp-json\/wp\/v2\/media?parent=10033"}],"wp:term":[{"taxonomy":"category","embeddable":true,"href":"https:\/\/www.redb.info\/coches\/wp-json\/wp\/v2\/categories?post=10033"},{"taxonomy":"post_tag","embeddable":true,"href":"https:\/\/www.redb.info\/coches\/wp-json\/wp\/v2\/tags?post=10033"}],"curies":[{"name":"wp","href":"https:\/\/api.w.org\/{rel}","templated":true}]}}